{"id":8664,"date":"2019-05-19T18:00:43","date_gmt":"2019-05-19T16:00:43","guid":{"rendered":"https:\/\/www.mzone.cz\/?p=8664"},"modified":"2019-05-26T17:50:12","modified_gmt":"2019-05-26T15:50:12","slug":"blog-mala-bilance-uspechu-zavad-i-nastrah","status":"publish","type":"post","link":"https:\/\/www.mzone.cz\/en\/blog-mala-bilance-uspechu-zavad-i-nastrah\/","title":{"rendered":"Blog: Mal\u00e1 bilance \u00fasp\u011bch\u016f, z\u00e1vad i n\u00e1strah"},"content":{"rendered":"<p><strong>\u017dijeme v&nbsp;roce 30. v\u00fdro\u010d\u00ed konce totality. Je to v\u00fdzva ke zhodnocen\u00ed on\u011bch let. Pohled na z\u00e1pory, klady, \u00fasp\u011bchy nebo prohry.<\/strong><\/p><br>\n\n\n\n<p>Na prvn\u00edm m\u00edst\u011b v\u00fdznamn\u00fdch jev\u016f stav\u00edm zru\u0161en\u00ed trestu smrti. To byl vstup do spole\u010dnosti humanistick\u00fdch st\u00e1t\u016f.<\/p>\n\n\n\n<p><br>Litoval jsem rozd\u011blen\u00ed \u010ceskoslovensk\u00e9 federativn\u00ed republiky, av\u0161ak uk\u00e1zalo se, \u017ee to bylo ku prosp\u011bchu obou n\u00e1rod\u016f a m\u00e1 tehdej\u0161\u00ed neproz\u00edravost m\u011b v\u016fbec nemrz\u00ed. \u0158\u00edk\u00e1m si, \u017ee rozum je leckdy lep\u0161\u00ed ne\u017e emoce.<\/p>\n\n\n\n<blockquote class=\"wp-block-quote is-layout-flow wp-block-quote-is-layout-flow\"><p>Pak se stala na\u0161e republika \u010dlenem NATO a j\u00e1 nad\u0161en\u011b hovo\u0159il se sv\u00fdm polsk\u00fdm p\u0159\u00edtelem: Janku, te\u010f u\u017e v\u011b\u0159\u00edm, \u017ee n\u00e1vrat star\u00fdch po\u0159\u00e1dk\u016f nen\u00ed mo\u017en\u00fd.<\/p><\/blockquote>\n\n\n\n<p>Kolik politik\u016f kr\u00e1tce po zm\u011bn\u011b syst\u00e9mu vyk\u0159ikovalo o nutn\u00e9m d\u016frazu na vzd\u011bl\u00e1n\u00ed. Bohu\u017eel jen mluvili a v\u00fdsledkem je, \u017ee vzd\u011bl\u00e1v\u00e1n\u00ed je st\u00e1le daleko za pot\u0159ebami spole\u010dnosti. Prod\u00e1vat vysokou hodnotu \u010desk\u00e9 pr\u00e1ce, to bylo dal\u0161\u00ed v\u00e1biv\u00e9 heslo. Do\u010dkali jsme se toho, \u017ee jsme z&nbsp;velk\u00e9 \u010d\u00e1sti montovnou. A modernizace infrastruktury? To je tak\u00e9 po\u0159\u00e1dn\u00fd nezdar.<\/p>\n\n\n\n<p><br>D\u00edky spoust\u011b jedinc\u016f, kte\u0159\u00ed m\u011bli odvahu, chu\u0165 a energii starat se sami o sebe, ba dokonce nab\u00edzet pr\u00e1ci jin\u00fdm, m\u00e1 \u010desk\u00e1 ekonomika v&nbsp;posledn\u00ed dob\u011b pozoruhodn\u00e9 v\u00fdsledky. P\u0159edstavitel\u00e9 st\u00e1tu jim sice slovn\u011b cht\u011bj\u00ed pom\u00e1hat, ve skute\u010dnosti je tr\u00e1p\u00ed \u0159adou hloup\u00fdch na\u0159\u00edzen\u00ed.<\/p><br>\n\n\n\n<div class=\"wp-block-image\"><figure class=\"alignleft is-resized\"><img loading=\"lazy\" decoding=\"async\" src=\"https:\/\/www.mzone.cz\/wp-content\/uploads\/2019\/03\/blog_okupace-1024x689.jpg\" alt=\"\" class=\"wp-image-5721\" width=\"97\" height=\"64\" srcset=\"https:\/\/www.mzone.cz\/wp-content\/uploads\/2019\/03\/blog_okupace-1024x689.jpg 1024w, https:\/\/www.mzone.cz\/wp-content\/uploads\/2019\/03\/blog_okupace-300x202.jpg 300w, https:\/\/www.mzone.cz\/wp-content\/uploads\/2019\/03\/blog_okupace-768x516.jpg 768w, https:\/\/www.mzone.cz\/wp-content\/uploads\/2019\/03\/blog_okupace-800x533.jpg 800w, https:\/\/www.mzone.cz\/wp-content\/uploads\/2019\/03\/blog_okupace-400x267.jpg 400w, https:\/\/www.mzone.cz\/wp-content\/uploads\/2019\/03\/blog_okupace-500x333.jpg 500w, https:\/\/www.mzone.cz\/wp-content\/uploads\/2019\/03\/blog_okupace-1170x780.jpg 1170w, https:\/\/www.mzone.cz\/wp-content\/uploads\/2019\/03\/blog_okupace-590x397.jpg 590w, https:\/\/www.mzone.cz\/wp-content\/uploads\/2019\/03\/blog_okupace.jpg 1667w\" sizes=\"auto, (max-width: 97px) 100vw, 97px\" \/><\/figure><\/div>\n\n\n\n<h4 class=\"wp-block-heading\"><a href=\"https:\/\/www.mzone.cz\/blog-trpka-vyroci-varuji\/\">Blog: Trpk\u00e1 v\u00fdro\u010d\u00ed varuj\u00ed<\/a><\/h4>\n\n\n\n<p><br>Jako samoz\u0159ejmost bereme voln\u00e9 cestov\u00e1n\u00ed do zahrani\u010d\u00ed, jako\u017e i mo\u017enost pracovat tamt\u00e9\u017e. Na rozd\u00edl od \u010das\u016f takzvan\u00e9ho re\u00e1ln\u00e9ho socialismu jsou n\u00e1m bez prodlev dostupn\u00e9 nejnov\u011bj\u0161\u00ed technologie.<\/p>\n\n\n\n<blockquote class=\"wp-block-quote is-layout-flow wp-block-quote-is-layout-flow\"><p>Uzav\u0159u stru\u010dn\u00e9 bilancov\u00e1n\u00ed snad p\u0159ehnan\u011b nab\u00e1dav\u011b a slovy mo\u017en\u00e1 p\u0159\u00edli\u0161 nadnesen\u00fdmi. Va\u017eme si sv\u00fdch svobod, u\u017e\u00edvejme si prosperity, v&nbsp;n\u00ed\u017e \u017eijeme. Usilujme o to, abychom v&nbsp;prosperit\u011b pokra\u010dovali a d\u00e1vejme pozor, abychom ani kousku svobod nebyli pl\u00ed\u017eiv\u011b zbavov\u00e1ni.<\/p><\/blockquote>\n\n\n\n<p>Nen\u00ed to v\u016fbec jednoduch\u00e9 a n\u00e1strah je spousta. Je t\u0159eba bez p\u0159est\u00e1n\u00ed je rozpozn\u00e1vat a ne\u00fanavn\u011b jim vzdorovat. Mysl\u00edm, \u017ee toho jsme schopni.<\/p><br>\n\n\n\n<p><br>D\u011bkuji za p\u0159e\u010dten\u00ed. &nbsp; &nbsp; &nbsp; &nbsp; &nbsp; &nbsp; &nbsp; &nbsp; &nbsp; &nbsp; &nbsp; &nbsp; &nbsp; &nbsp; &nbsp; &nbsp; &nbsp; &nbsp; &nbsp; &nbsp; &nbsp; &nbsp; &nbsp; &nbsp; &nbsp; &nbsp; &nbsp; &nbsp; &nbsp; &nbsp; &nbsp; &nbsp; &nbsp; Ji\u0159\u00ed \u010cepel\u00e1k<\/p><br>\n\n\n\n<p><strong>Chcete se tak\u00e9 na str\u00e1nk\u00e1ch Mzone.cz pod\u011blit o sv\u016fj n\u00e1zor nebo se vypsat z n\u011b\u010deho, co v\u00e1s tr\u00e1p\u00ed? Blogovat m\u016f\u017eete i vy! Sv\u00e9 p\u0159\u00edsp\u011bvky zas\u00edlejte na e-mail redakce@mzone.cz a do p\u0159edm\u011btu uve\u010fte heslo \u201eBlog\u201c.<\/strong><\/p><br>","protected":false},"excerpt":{"rendered":"<p>\u017dijeme v&nbsp;roce 30. v\u00fdro\u010d\u00ed konce totality. Je to v\u00fdzva ke zhodnocen\u00ed on\u011bch let. Pohled na z\u00e1pory, klady, \u00fasp\u011bchy nebo prohry. Na prvn\u00edm m\u00edst\u011b v\u00fdznamn\u00fdch jev\u016f stav\u00edm zru\u0161en\u00ed trestu smrti. To byl vstup do spole\u010dnosti humanistick\u00fdch st\u00e1t\u016f. Litoval jsem rozd\u011blen\u00ed \u010ceskoslovensk\u00e9 federativn\u00ed republiky, av\u0161ak uk\u00e1zalo se, \u017ee to bylo ku prosp\u011bchu obou n\u00e1rod\u016f a m\u00e1 tehdej\u0161\u00ed [&hellip;]<\/p>\n","protected":false},"author":4,"featured_media":8665,"comment_status":"open","ping_status":"closed","sticky":false,"template":"","format":"standard","meta":{"kk_blocks_editor_width":"","_kiokenblocks_attr":"","_kiokenblocks_dimensions":"","footnotes":""},"categories":[385],"tags":[59,989,1030,788,787,2176,2175,1359,2173,1656,920,1103,2174],"class_list":["post-8664","post","type-post","status-publish","format-standard","has-post-thumbnail","hentry","category-blog","tag-blog","tag-ceska-republika","tag-cesko","tag-jiri-cepelak","tag-nazor","tag-nezdary","tag-ohlednuti","tag-revoluce","tag-sametova-revoluce","tag-shrnuti","tag-vyroci","tag-vyvoj","tag-zmeny"],"yoast_head":"<!-- This site is optimized with the Yoast SEO plugin v27.5 - https:\/\/yoast.com\/product\/yoast-seo-wordpress\/ -->\n<title>Blog: Mal\u00e1 bilance \u00fasp\u011bch\u016f, z\u00e1vad i n\u00e1strah - Mzone<\/title>\n<meta name=\"description\" content=\"\u017dijeme v\u00a0roce 30. v\u00fdro\u010d\u00ed konce totality. Je to v\u00fdzva ke zhodnocen\u00ed on\u011bch let. Pohled na z\u00e1pory, klady, \u00fasp\u011bchy nebo prohry.\" \/>\n<meta name=\"robots\" content=\"index, follow, max-snippet:-1, max-image-preview:large, max-video-preview:-1\" \/>\n<link rel=\"canonical\" href=\"https:\/\/www.mzone.cz\/en\/blog-mala-bilance-uspechu-zavad-i-nastrah\/\" \/>\n<meta property=\"og:locale\" content=\"en_US\" \/>\n<meta property=\"og:type\" content=\"article\" \/>\n<meta property=\"og:title\" content=\"Blog: Mal\u00e1 bilance \u00fasp\u011bch\u016f, z\u00e1vad i n\u00e1strah - Mzone\" \/>\n<meta property=\"og:description\" content=\"\u017dijeme v\u00a0roce 30. v\u00fdro\u010d\u00ed konce totality. Je to v\u00fdzva ke zhodnocen\u00ed on\u011bch let. Pohled na z\u00e1pory, klady, \u00fasp\u011bchy nebo prohry.\" \/>\n<meta property=\"og:url\" content=\"https:\/\/www.mzone.cz\/en\/blog-mala-bilance-uspechu-zavad-i-nastrah\/\" \/>\n<meta property=\"og:site_name\" content=\"Mzone\" \/>\n<meta property=\"article:publisher\" content=\"https:\/\/www.facebook.com\/MzoneCZ\/\" \/>\n<meta property=\"article:published_time\" content=\"2019-05-19T16:00:43+00:00\" \/>\n<meta property=\"article:modified_time\" content=\"2019-05-26T15:50:12+00:00\" \/>\n<meta property=\"og:image\" content=\"https:\/\/www.mzone.cz\/wp-content\/uploads\/2019\/05\/blog_cesko.jpg\" \/>\n\t<meta property=\"og:image:width\" content=\"1667\" \/>\n\t<meta property=\"og:image:height\" content=\"1121\" \/>\n\t<meta property=\"og:image:type\" content=\"image\/jpeg\" \/>\n<meta name=\"author\" content=\"Mzone\" \/>\n<meta name=\"twitter:card\" content=\"summary_large_image\" \/>\n<meta name=\"twitter:label1\" content=\"Written by\" \/>\n\t<meta name=\"twitter:data1\" content=\"Mzone\" \/>\n\t<meta name=\"twitter:label2\" content=\"Est. reading time\" \/>\n\t<meta name=\"twitter:data2\" content=\"2 minutes\" \/>\n<script type=\"application\/ld+json\" class=\"yoast-schema-graph\">{\"@context\":\"https:\\\/\\\/schema.org\",\"@graph\":[{\"@type\":\"Article\",\"@id\":\"https:\\\/\\\/www.mzone.cz\\\/blog-mala-bilance-uspechu-zavad-i-nastrah\\\/#article\",\"isPartOf\":{\"@id\":\"https:\\\/\\\/www.mzone.cz\\\/blog-mala-bilance-uspechu-zavad-i-nastrah\\\/\"},\"author\":{\"name\":\"Mzone\",\"@id\":\"https:\\\/\\\/www.mzone.cz\\\/#\\\/schema\\\/person\\\/9bc20cc422a99cac4af6ff9297da32d4\"},\"headline\":\"Blog: Mal\u00e1 bilance \u00fasp\u011bch\u016f, z\u00e1vad i n\u00e1strah\",\"datePublished\":\"2019-05-19T16:00:43+00:00\",\"dateModified\":\"2019-05-26T15:50:12+00:00\",\"mainEntityOfPage\":{\"@id\":\"https:\\\/\\\/www.mzone.cz\\\/blog-mala-bilance-uspechu-zavad-i-nastrah\\\/\"},\"wordCount\":489,\"commentCount\":0,\"image\":{\"@id\":\"https:\\\/\\\/www.mzone.cz\\\/blog-mala-bilance-uspechu-zavad-i-nastrah\\\/#primaryimage\"},\"thumbnailUrl\":\"https:\\\/\\\/www.mzone.cz\\\/wp-content\\\/uploads\\\/2019\\\/05\\\/blog_cesko.jpg\",\"keywords\":[\"Blog\",\"\u010cesk\u00e1 republika\",\"\u010cesko\",\"Ji\u0159\u00ed \u010cepel\u00e1k\",\"n\u00e1zor\",\"nezdary\",\"ohl\u00e9dnut\u00ed\",\"revoluce\",\"sametov\u00e1 revoluce\",\"shrnut\u00ed\",\"v\u00fdro\u010d\u00ed\",\"v\u00fdvoj\",\"zm\u011bny\"],\"articleSection\":[\"Blog\"],\"inLanguage\":\"en-US\",\"potentialAction\":[{\"@type\":\"CommentAction\",\"name\":\"Comment\",\"target\":[\"https:\\\/\\\/www.mzone.cz\\\/blog-mala-bilance-uspechu-zavad-i-nastrah\\\/#respond\"]}]},{\"@type\":\"WebPage\",\"@id\":\"https:\\\/\\\/www.mzone.cz\\\/blog-mala-bilance-uspechu-zavad-i-nastrah\\\/\",\"url\":\"https:\\\/\\\/www.mzone.cz\\\/blog-mala-bilance-uspechu-zavad-i-nastrah\\\/\",\"name\":\"Blog: Mal\u00e1 bilance \u00fasp\u011bch\u016f, z\u00e1vad i n\u00e1strah - Mzone\",\"isPartOf\":{\"@id\":\"https:\\\/\\\/www.mzone.cz\\\/#website\"},\"primaryImageOfPage\":{\"@id\":\"https:\\\/\\\/www.mzone.cz\\\/blog-mala-bilance-uspechu-zavad-i-nastrah\\\/#primaryimage\"},\"image\":{\"@id\":\"https:\\\/\\\/www.mzone.cz\\\/blog-mala-bilance-uspechu-zavad-i-nastrah\\\/#primaryimage\"},\"thumbnailUrl\":\"https:\\\/\\\/www.mzone.cz\\\/wp-content\\\/uploads\\\/2019\\\/05\\\/blog_cesko.jpg\",\"datePublished\":\"2019-05-19T16:00:43+00:00\",\"dateModified\":\"2019-05-26T15:50:12+00:00\",\"author\":{\"@id\":\"https:\\\/\\\/www.mzone.cz\\\/#\\\/schema\\\/person\\\/9bc20cc422a99cac4af6ff9297da32d4\"},\"description\":\"\u017dijeme v\u00a0roce 30. v\u00fdro\u010d\u00ed konce totality. Je to v\u00fdzva ke zhodnocen\u00ed on\u011bch let. Pohled na z\u00e1pory, klady, \u00fasp\u011bchy nebo prohry.\",\"breadcrumb\":{\"@id\":\"https:\\\/\\\/www.mzone.cz\\\/blog-mala-bilance-uspechu-zavad-i-nastrah\\\/#breadcrumb\"},\"inLanguage\":\"en-US\",\"potentialAction\":[{\"@type\":\"ReadAction\",\"target\":[\"https:\\\/\\\/www.mzone.cz\\\/blog-mala-bilance-uspechu-zavad-i-nastrah\\\/\"]}]},{\"@type\":\"ImageObject\",\"inLanguage\":\"en-US\",\"@id\":\"https:\\\/\\\/www.mzone.cz\\\/blog-mala-bilance-uspechu-zavad-i-nastrah\\\/#primaryimage\",\"url\":\"https:\\\/\\\/www.mzone.cz\\\/wp-content\\\/uploads\\\/2019\\\/05\\\/blog_cesko.jpg\",\"contentUrl\":\"https:\\\/\\\/www.mzone.cz\\\/wp-content\\\/uploads\\\/2019\\\/05\\\/blog_cesko.jpg\",\"width\":1667,\"height\":1121},{\"@type\":\"BreadcrumbList\",\"@id\":\"https:\\\/\\\/www.mzone.cz\\\/blog-mala-bilance-uspechu-zavad-i-nastrah\\\/#breadcrumb\",\"itemListElement\":[{\"@type\":\"ListItem\",\"position\":1,\"name\":\"Dom\u016f\",\"item\":\"https:\\\/\\\/www.mzone.cz\\\/\"},{\"@type\":\"ListItem\",\"position\":2,\"name\":\"Blog: Mal\u00e1 bilance \u00fasp\u011bch\u016f, z\u00e1vad i n\u00e1strah\"}]},{\"@type\":\"WebSite\",\"@id\":\"https:\\\/\\\/www.mzone.cz\\\/#website\",\"url\":\"https:\\\/\\\/www.mzone.cz\\\/\",\"name\":\"Mzone\",\"description\":\"Magaz\u00edn nejen pro mu\u017ee\",\"potentialAction\":[{\"@type\":\"SearchAction\",\"target\":{\"@type\":\"EntryPoint\",\"urlTemplate\":\"https:\\\/\\\/www.mzone.cz\\\/?s={search_term_string}\"},\"query-input\":{\"@type\":\"PropertyValueSpecification\",\"valueRequired\":true,\"valueName\":\"search_term_string\"}}],\"inLanguage\":\"en-US\"},{\"@type\":\"Person\",\"@id\":\"https:\\\/\\\/www.mzone.cz\\\/#\\\/schema\\\/person\\\/9bc20cc422a99cac4af6ff9297da32d4\",\"name\":\"Mzone\",\"image\":{\"@type\":\"ImageObject\",\"inLanguage\":\"en-US\",\"@id\":\"https:\\\/\\\/secure.gravatar.com\\\/avatar\\\/e780a8630f3182a3d06dd667ab6bea151a0d155b0951bc15fe22633acdac0676?s=96&d=mm&r=g\",\"url\":\"https:\\\/\\\/secure.gravatar.com\\\/avatar\\\/e780a8630f3182a3d06dd667ab6bea151a0d155b0951bc15fe22633acdac0676?s=96&d=mm&r=g\",\"contentUrl\":\"https:\\\/\\\/secure.gravatar.com\\\/avatar\\\/e780a8630f3182a3d06dd667ab6bea151a0d155b0951bc15fe22633acdac0676?s=96&d=mm&r=g\",\"caption\":\"Mzone\"},\"url\":\"https:\\\/\\\/www.mzone.cz\\\/en\\\/author\\\/jakub\\\/\"}]}<\/script>\n<!-- \/ Yoast SEO plugin. -->","yoast_head_json":{"title":"Blog: Mal\u00e1 bilance \u00fasp\u011bch\u016f, z\u00e1vad i n\u00e1strah - Mzone","description":"\u017dijeme v\u00a0roce 30. v\u00fdro\u010d\u00ed konce totality. Je to v\u00fdzva ke zhodnocen\u00ed on\u011bch let. Pohled na z\u00e1pory, klady, \u00fasp\u011bchy nebo prohry.","robots":{"index":"index","follow":"follow","max-snippet":"max-snippet:-1","max-image-preview":"max-image-preview:large","max-video-preview":"max-video-preview:-1"},"canonical":"https:\/\/www.mzone.cz\/en\/blog-mala-bilance-uspechu-zavad-i-nastrah\/","og_locale":"en_US","og_type":"article","og_title":"Blog: Mal\u00e1 bilance \u00fasp\u011bch\u016f, z\u00e1vad i n\u00e1strah - Mzone","og_description":"\u017dijeme v\u00a0roce 30. v\u00fdro\u010d\u00ed konce totality. Je to v\u00fdzva ke zhodnocen\u00ed on\u011bch let. Pohled na z\u00e1pory, klady, \u00fasp\u011bchy nebo prohry.","og_url":"https:\/\/www.mzone.cz\/en\/blog-mala-bilance-uspechu-zavad-i-nastrah\/","og_site_name":"Mzone","article_publisher":"https:\/\/www.facebook.com\/MzoneCZ\/","article_published_time":"2019-05-19T16:00:43+00:00","article_modified_time":"2019-05-26T15:50:12+00:00","og_image":[{"width":1667,"height":1121,"url":"https:\/\/www.mzone.cz\/wp-content\/uploads\/2019\/05\/blog_cesko.jpg","type":"image\/jpeg"}],"author":"Mzone","twitter_card":"summary_large_image","twitter_misc":{"Written by":"Mzone","Est. reading time":"2 minutes"},"schema":{"@context":"https:\/\/schema.org","@graph":[{"@type":"Article","@id":"https:\/\/www.mzone.cz\/blog-mala-bilance-uspechu-zavad-i-nastrah\/#article","isPartOf":{"@id":"https:\/\/www.mzone.cz\/blog-mala-bilance-uspechu-zavad-i-nastrah\/"},"author":{"name":"Mzone","@id":"https:\/\/www.mzone.cz\/#\/schema\/person\/9bc20cc422a99cac4af6ff9297da32d4"},"headline":"Blog: Mal\u00e1 bilance \u00fasp\u011bch\u016f, z\u00e1vad i n\u00e1strah","datePublished":"2019-05-19T16:00:43+00:00","dateModified":"2019-05-26T15:50:12+00:00","mainEntityOfPage":{"@id":"https:\/\/www.mzone.cz\/blog-mala-bilance-uspechu-zavad-i-nastrah\/"},"wordCount":489,"commentCount":0,"image":{"@id":"https:\/\/www.mzone.cz\/blog-mala-bilance-uspechu-zavad-i-nastrah\/#primaryimage"},"thumbnailUrl":"https:\/\/www.mzone.cz\/wp-content\/uploads\/2019\/05\/blog_cesko.jpg","keywords":["Blog","\u010cesk\u00e1 republika","\u010cesko","Ji\u0159\u00ed \u010cepel\u00e1k","n\u00e1zor","nezdary","ohl\u00e9dnut\u00ed","revoluce","sametov\u00e1 revoluce","shrnut\u00ed","v\u00fdro\u010d\u00ed","v\u00fdvoj","zm\u011bny"],"articleSection":["Blog"],"inLanguage":"en-US","potentialAction":[{"@type":"CommentAction","name":"Comment","target":["https:\/\/www.mzone.cz\/blog-mala-bilance-uspechu-zavad-i-nastrah\/#respond"]}]},{"@type":"WebPage","@id":"https:\/\/www.mzone.cz\/blog-mala-bilance-uspechu-zavad-i-nastrah\/","url":"https:\/\/www.mzone.cz\/blog-mala-bilance-uspechu-zavad-i-nastrah\/","name":"Blog: Mal\u00e1 bilance \u00fasp\u011bch\u016f, z\u00e1vad i n\u00e1strah - Mzone","isPartOf":{"@id":"https:\/\/www.mzone.cz\/#website"},"primaryImageOfPage":{"@id":"https:\/\/www.mzone.cz\/blog-mala-bilance-uspechu-zavad-i-nastrah\/#primaryimage"},"image":{"@id":"https:\/\/www.mzone.cz\/blog-mala-bilance-uspechu-zavad-i-nastrah\/#primaryimage"},"thumbnailUrl":"https:\/\/www.mzone.cz\/wp-content\/uploads\/2019\/05\/blog_cesko.jpg","datePublished":"2019-05-19T16:00:43+00:00","dateModified":"2019-05-26T15:50:12+00:00","author":{"@id":"https:\/\/www.mzone.cz\/#\/schema\/person\/9bc20cc422a99cac4af6ff9297da32d4"},"description":"\u017dijeme v\u00a0roce 30. v\u00fdro\u010d\u00ed konce totality. Je to v\u00fdzva ke zhodnocen\u00ed on\u011bch let. Pohled na z\u00e1pory, klady, \u00fasp\u011bchy nebo prohry.","breadcrumb":{"@id":"https:\/\/www.mzone.cz\/blog-mala-bilance-uspechu-zavad-i-nastrah\/#breadcrumb"},"inLanguage":"en-US","potentialAction":[{"@type":"ReadAction","target":["https:\/\/www.mzone.cz\/blog-mala-bilance-uspechu-zavad-i-nastrah\/"]}]},{"@type":"ImageObject","inLanguage":"en-US","@id":"https:\/\/www.mzone.cz\/blog-mala-bilance-uspechu-zavad-i-nastrah\/#primaryimage","url":"https:\/\/www.mzone.cz\/wp-content\/uploads\/2019\/05\/blog_cesko.jpg","contentUrl":"https:\/\/www.mzone.cz\/wp-content\/uploads\/2019\/05\/blog_cesko.jpg","width":1667,"height":1121},{"@type":"BreadcrumbList","@id":"https:\/\/www.mzone.cz\/blog-mala-bilance-uspechu-zavad-i-nastrah\/#breadcrumb","itemListElement":[{"@type":"ListItem","position":1,"name":"Dom\u016f","item":"https:\/\/www.mzone.cz\/"},{"@type":"ListItem","position":2,"name":"Blog: Mal\u00e1 bilance \u00fasp\u011bch\u016f, z\u00e1vad i n\u00e1strah"}]},{"@type":"WebSite","@id":"https:\/\/www.mzone.cz\/#website","url":"https:\/\/www.mzone.cz\/","name":"Mzone","description":"Magaz\u00edn nejen pro mu\u017ee","potentialAction":[{"@type":"SearchAction","target":{"@type":"EntryPoint","urlTemplate":"https:\/\/www.mzone.cz\/?s={search_term_string}"},"query-input":{"@type":"PropertyValueSpecification","valueRequired":true,"valueName":"search_term_string"}}],"inLanguage":"en-US"},{"@type":"Person","@id":"https:\/\/www.mzone.cz\/#\/schema\/person\/9bc20cc422a99cac4af6ff9297da32d4","name":"Mzone","image":{"@type":"ImageObject","inLanguage":"en-US","@id":"https:\/\/secure.gravatar.com\/avatar\/e780a8630f3182a3d06dd667ab6bea151a0d155b0951bc15fe22633acdac0676?s=96&d=mm&r=g","url":"https:\/\/secure.gravatar.com\/avatar\/e780a8630f3182a3d06dd667ab6bea151a0d155b0951bc15fe22633acdac0676?s=96&d=mm&r=g","contentUrl":"https:\/\/secure.gravatar.com\/avatar\/e780a8630f3182a3d06dd667ab6bea151a0d155b0951bc15fe22633acdac0676?s=96&d=mm&r=g","caption":"Mzone"},"url":"https:\/\/www.mzone.cz\/en\/author\/jakub\/"}]}},"_links":{"self":[{"href":"https:\/\/www.mzone.cz\/en\/wp-json\/wp\/v2\/posts\/8664","targetHints":{"allow":["GET"]}}],"collection":[{"href":"https:\/\/www.mzone.cz\/en\/wp-json\/wp\/v2\/posts"}],"about":[{"href":"https:\/\/www.mzone.cz\/en\/wp-json\/wp\/v2\/types\/post"}],"author":[{"embeddable":true,"href":"https:\/\/www.mzone.cz\/en\/wp-json\/wp\/v2\/users\/4"}],"replies":[{"embeddable":true,"href":"https:\/\/www.mzone.cz\/en\/wp-json\/wp\/v2\/comments?post=8664"}],"version-history":[{"count":1,"href":"https:\/\/www.mzone.cz\/en\/wp-json\/wp\/v2\/posts\/8664\/revisions"}],"predecessor-version":[{"id":9197,"href":"https:\/\/www.mzone.cz\/en\/wp-json\/wp\/v2\/posts\/8664\/revisions\/9197"}],"wp:featuredmedia":[{"embeddable":true,"href":"https:\/\/www.mzone.cz\/en\/wp-json\/wp\/v2\/media\/8665"}],"wp:attachment":[{"href":"https:\/\/www.mzone.cz\/en\/wp-json\/wp\/v2\/media?parent=8664"}],"wp:term":[{"taxonomy":"category","embeddable":true,"href":"https:\/\/www.mzone.cz\/en\/wp-json\/wp\/v2\/categories?post=8664"},{"taxonomy":"post_tag","embeddable":true,"href":"https:\/\/www.mzone.cz\/en\/wp-json\/wp\/v2\/tags?post=8664"}],"curies":[{"name":"wp","href":"https:\/\/api.w.org\/{rel}","templated":true}]}}