{"id":9046,"date":"2024-02-07T19:00:00","date_gmt":"2024-02-07T18:00:00","guid":{"rendered":"https:\/\/www.mzone.cz\/?p=9046"},"modified":"2024-02-07T19:58:15","modified_gmt":"2024-02-07T18:58:15","slug":"nejen-zeny-jsou-v-prechodu-muzum-zacina-uz-ve-veku-35-let","status":"publish","type":"post","link":"https:\/\/www.mzone.cz\/en\/nejen-zeny-jsou-v-prechodu-muzum-zacina-uz-ve-veku-35-let\/","title":{"rendered":"Nejen \u017eeny jsou v p\u0159echodu. Mu\u017e\u016fm za\u010d\u00edn\u00e1 u\u017e ve v\u011bku 35 let!"},"content":{"rendered":"<p><strong>Na rozd\u00edl od \u017een se o mu\u017esk\u00e9m p\u0159echodu p\u0159\u00edli\u0161 nemluv\u00ed, p\u0159esto existuje a v\u011bdci u\u017e ho popsali v roce 1944. Sv\u00fdm zp\u016fsobem je takzvan\u00e1 andropauza u mu\u017e\u016f st\u00e1le tak trochu tabu. A\u010dkoliv jej\u00edmi nep\u0159\u00edjemn\u00fdmi p\u0159\u00edznaky trp\u00ed v\u00edce ne\u017e t\u0159etina mu\u017e\u016f.<\/strong><\/p><br>\n\n\n\n<p>P\u0159echod u mu\u017e\u016f nast\u00e1v\u00e1 velmi pozvolna. U mu\u017e\u016f m\u016f\u017ee za\u010d\u00edt u\u017e po oslaven\u00ed 35. narozenin a trv\u00e1 plynule, ale velmi dlouho. Mnoz\u00ed mu\u017ei si tak ani neuv\u011bdomuj\u00ed, \u017ee t\u00edmto procesem proch\u00e1zej\u00ed. Berou to jako norm\u00e1ln\u00ed st\u00e1rnut\u00ed.<\/p>\n\n\n\n<blockquote class=\"wp-block-quote is-layout-flow wp-block-quote-is-layout-flow\"><p>P\u0159\u00edznaky mu\u017esk\u00e9ho p\u0159echodu se t\u00fdkaj\u00ed t\u0159\u00ed kategori\u00ed \u2013 psychiky, t\u011blesn\u00e9 schr\u00e1nky a sexu\u00e1ln\u00ed oblasti.<\/p><\/blockquote>\n\n\n\n<p>Mu\u017e proch\u00e1zej\u00edc\u00ed andropauzou m\u016f\u017ee poci\u0165ovat poruchy sp\u00e1nku, \u00fazkost, podr\u00e1\u017ed\u011bnost, nervozitu i depresivn\u00ed n\u00e1lady. Mu\u017esk\u00e9 t\u011blo pak ztr\u00e1c\u00ed svalovou hmotu a patrn\u00fd je i celkov\u00fd \u00fabytek energie, p\u00ed\u0161e n\u011bmeck\u00fd web Fokus.de.<\/p><br>\n\n\n\n<figure class=\"wp-block-image\"><img loading=\"lazy\" decoding=\"async\" width=\"1024\" height=\"683\" src=\"https:\/\/www.mzone.cz\/wp-content\/uploads\/2018\/04\/blurred-background-daytime-depression-897817-1024x683.jpg\" alt=\"\" class=\"wp-image-825\" srcset=\"https:\/\/www.mzone.cz\/wp-content\/uploads\/2018\/04\/blurred-background-daytime-depression-897817-1024x683.jpg 1024w, https:\/\/www.mzone.cz\/wp-content\/uploads\/2018\/04\/blurred-background-daytime-depression-897817-300x200.jpg 300w, https:\/\/www.mzone.cz\/wp-content\/uploads\/2018\/04\/blurred-background-daytime-depression-897817-768x512.jpg 768w, https:\/\/www.mzone.cz\/wp-content\/uploads\/2018\/04\/blurred-background-daytime-depression-897817-800x533.jpg 800w, https:\/\/www.mzone.cz\/wp-content\/uploads\/2018\/04\/blurred-background-daytime-depression-897817-400x267.jpg 400w, https:\/\/www.mzone.cz\/wp-content\/uploads\/2018\/04\/blurred-background-daytime-depression-897817-500x333.jpg 500w, https:\/\/www.mzone.cz\/wp-content\/uploads\/2018\/04\/blurred-background-daytime-depression-897817-1170x780.jpg 1170w, https:\/\/www.mzone.cz\/wp-content\/uploads\/2018\/04\/blurred-background-daytime-depression-897817-590x393.jpg 590w\" sizes=\"auto, (max-width: 1024px) 100vw, 1024px\" \/><\/figure><br>\n\n\n\n<p>V sexu\u00e1ln\u00ed oblasti takov\u00fd mu\u017e c\u00edt\u00ed sn\u00ed\u017een\u00ed schopnosti erekce, pokles \u010detnosti rann\u00ed erekce a m\u00e9n\u011b chuti na sex. Ka\u017ed\u00fd z t\u011bchto p\u0159\u00edznak\u016f by m\u011bl b\u00fdt vy\u0161et\u0159en l\u00e9ka\u0159em, pokud trv\u00e1 d\u00e9le ne\u017e \u0161est a\u017e osm t\u00fddn\u016f. N\u00e1v\u0161t\u011bva l\u00e9ka\u0159e je d\u016fle\u017eit\u00e1, aby bylo mo\u017en\u00e9 jednozna\u010dn\u011b zjistit p\u0159\u00ed\u010dinu. Stejn\u00e9 symptomy toti\u017e m\u016f\u017ee m\u00edt i mu\u017e s dysfunkc\u00ed \u0161t\u00edtn\u00e9 \u017el\u00e1zy.&nbsp;<\/p>\n\n\n\n<blockquote class=\"wp-block-quote is-layout-flow wp-block-quote-is-layout-flow\"><p>Nedostatek testosteronu souvisej\u00edc\u00ed s v\u011bkem by mohl b\u00fdt kompenzov\u00e1n hormon\u00e1ln\u00ed substitu\u010dn\u00ed terapi\u00ed. Hladinu testosteronu v\u0161ak zvy\u0161uje i pravideln\u00e9 sportov\u00e1n\u00ed.<\/p><\/blockquote>\n\n\n\n<p>Tak\u017ee spr\u00e1vn\u00fd \u017eivotn\u00ed styl je pro v\u011bt\u0161inu lid\u00ed t\u00e9m\u011b\u0159 stejn\u011b dobr\u00fd jako terapie testosteronem. Sport je tak\u00e9 pova\u017eov\u00e1n za optim\u00e1ln\u00ed preventivn\u00ed opat\u0159en\u00ed proti demenci i Alzheimerov\u011b chorob\u011b.<\/p><br>\n\n\n\n<div class=\"wp-block-image\"><figure class=\"alignleft is-resized\"><img loading=\"lazy\" decoding=\"async\" src=\"https:\/\/www.mzone.cz\/wp-content\/uploads\/2018\/04\/blurred-background-daytime-depression-897817-1024x683.jpg\" alt=\"\" class=\"wp-image-825\" width=\"122\" height=\"80\" srcset=\"https:\/\/www.mzone.cz\/wp-content\/uploads\/2018\/04\/blurred-background-daytime-depression-897817-1024x683.jpg 1024w, https:\/\/www.mzone.cz\/wp-content\/uploads\/2018\/04\/blurred-background-daytime-depression-897817-300x200.jpg 300w, https:\/\/www.mzone.cz\/wp-content\/uploads\/2018\/04\/blurred-background-daytime-depression-897817-768x512.jpg 768w, https:\/\/www.mzone.cz\/wp-content\/uploads\/2018\/04\/blurred-background-daytime-depression-897817-800x533.jpg 800w, https:\/\/www.mzone.cz\/wp-content\/uploads\/2018\/04\/blurred-background-daytime-depression-897817-400x267.jpg 400w, https:\/\/www.mzone.cz\/wp-content\/uploads\/2018\/04\/blurred-background-daytime-depression-897817-500x333.jpg 500w, https:\/\/www.mzone.cz\/wp-content\/uploads\/2018\/04\/blurred-background-daytime-depression-897817-1170x780.jpg 1170w, https:\/\/www.mzone.cz\/wp-content\/uploads\/2018\/04\/blurred-background-daytime-depression-897817-590x393.jpg 590w\" sizes=\"auto, (max-width: 122px) 100vw, 122px\" \/><\/figure><\/div>\n\n\n\n<h4><a href=\"https:\/\/www.mzone.cz\/i-muzi-trpi-poporodni-depresi-vime-co-za-to-muze\/\">I mu\u017ei trp\u00ed poporodn\u00ed depres\u00ed! V\u00edme, co za to m\u016f\u017ee<\/a><\/h4><br>\n\n\n\n<p>Hladinu testosteronu ovliv\u0148uj\u00ed tak\u00e9 vitam\u00edny a speci\u00e1ln\u00ed rostlinn\u00e9 l\u00e1tky. Nap\u0159\u00edklad vitam\u00edn D m\u016f\u017ee u mu\u017e\u016f zlep\u0161it hormon\u00e1ln\u00ed situaci. M\u00edrn\u011b mohou zv\u00fd\u0161it \u00farove\u0148 biologick\u00e9ho testosteronu i ovesn\u00e9 vlo\u010dky.<\/p>\n\n\n\n<blockquote class=\"wp-block-quote is-layout-flow wp-block-quote-is-layout-flow\"><p>V neposledn\u00ed \u0159ad\u011b by mu\u017ei, kte\u0159\u00ed maj\u00ed velk\u00e9 b\u0159icho, m\u011bli zhubnout. Proto\u017ee b\u0159i\u0161n\u00ed tuk p\u0159em\u011b\u0148uje mu\u017esk\u00fd hormon testosteron na \u017eensk\u00fd prot\u011bj\u0161ek estradiol. Mu\u017ei se \u0161t\u00edhlej\u0161\u00edm pasem proto maj\u00ed v pr\u016fm\u011bru vy\u0161\u0161\u00ed hladiny testosteronu ne\u017e ti s \u201ev\u00fdrazn\u00fdm z\u00e1chrann\u00fdm kruhem.\u201c<\/p><\/blockquote>\n\n\n\n<p>Sn\u00ed\u017een\u00ed hladiny testosteronu m\u00e1 negativn\u00ed a pozitivn\u00ed str\u00e1nky. Nast\u00e1v\u00e1 m\u00edrn\u00e9 sn\u00ed\u017een\u00ed libida a agresivity. To lze pova\u017eovat za v\u00fdhodu. Mu\u017ei se pak mohou v\u00edce soust\u0159edit na jin\u00e1 t\u00e9mata a v\u00edce se v\u011bnovat t\u0159eba rodin\u011b.<\/p><br>","protected":false},"excerpt":{"rendered":"<p>Na rozd\u00edl od \u017een se o mu\u017esk\u00e9m p\u0159echodu p\u0159\u00edli\u0161 nemluv\u00ed, p\u0159esto existuje a v\u011bdci u\u017e ho popsali v roce 1944. Sv\u00fdm zp\u016fsobem je takzvan\u00e1 andropauza u mu\u017e\u016f st\u00e1le tak trochu tabu. A\u010dkoliv jej\u00edmi nep\u0159\u00edjemn\u00fdmi p\u0159\u00edznaky trp\u00ed v\u00edce ne\u017e t\u0159etina mu\u017e\u016f. P\u0159echod u mu\u017e\u016f nast\u00e1v\u00e1 velmi pozvolna. U mu\u017e\u016f m\u016f\u017ee za\u010d\u00edt u\u017e po oslaven\u00ed 35. narozenin [&hellip;]<\/p>\n","protected":false},"author":4,"featured_media":9047,"comment_status":"open","ping_status":"closed","sticky":false,"template":"","format":"standard","meta":{"kk_blocks_editor_width":"","_kiokenblocks_attr":"","_kiokenblocks_dimensions":"","footnotes":""},"categories":[29,25,62],"tags":[2235,1496,17,238,925,2234,1769,540,242,1372,1702,149],"class_list":["post-9046","post","type-post","status-publish","format-standard","has-post-thumbnail","hentry","category-lifestyle","category-style","category-zdravi","tag-andropauza","tag-lidske-telo","tag-lifestyle","tag-muzi","tag-nalady","tag-prechod","tag-priznaky","tag-spolecnost","tag-testosteron","tag-vek","tag-vitamin-d","tag-zdravi"],"yoast_head":"<!-- This site is optimized with the Yoast SEO plugin v27.5 - https:\/\/yoast.com\/product\/yoast-seo-wordpress\/ -->\n<title>Nejen \u017eeny jsou v p\u0159echodu. Mu\u017e\u016fm za\u010d\u00edn\u00e1 u\u017e ve v\u011bku 35 let! - Mzone<\/title>\n<meta name=\"description\" content=\"Na rozd\u00edl od \u017een se o mu\u017esk\u00e9m p\u0159echodu p\u0159\u00edli\u0161 nemluv\u00ed, p\u0159esto existuje a v\u011bdci u\u017e ho popsali v roce 1944. Sv\u00fdm zp\u016fsobem je takzvan\u00e1 andropauza u mu\u017e\u016f st\u00e1le tak trochu tabu. A\u010dkoliv jej\u00edmi nep\u0159\u00edjemn\u00fdmi p\u0159\u00edznaky trp\u00ed v\u00edce ne\u017e t\u0159etina mu\u017e\u016f.\" \/>\n<meta name=\"robots\" content=\"index, follow, max-snippet:-1, max-image-preview:large, max-video-preview:-1\" \/>\n<link rel=\"canonical\" href=\"https:\/\/www.mzone.cz\/en\/nejen-zeny-jsou-v-prechodu-muzum-zacina-uz-ve-veku-35-let\/\" \/>\n<meta property=\"og:locale\" content=\"en_US\" \/>\n<meta property=\"og:type\" content=\"article\" \/>\n<meta property=\"og:title\" content=\"Nejen \u017eeny jsou v p\u0159echodu. Mu\u017e\u016fm za\u010d\u00edn\u00e1 u\u017e ve v\u011bku 35 let! - Mzone\" \/>\n<meta property=\"og:description\" content=\"Na rozd\u00edl od \u017een se o mu\u017esk\u00e9m p\u0159echodu p\u0159\u00edli\u0161 nemluv\u00ed, p\u0159esto existuje a v\u011bdci u\u017e ho popsali v roce 1944. Sv\u00fdm zp\u016fsobem je takzvan\u00e1 andropauza u mu\u017e\u016f st\u00e1le tak trochu tabu. A\u010dkoliv jej\u00edmi nep\u0159\u00edjemn\u00fdmi p\u0159\u00edznaky trp\u00ed v\u00edce ne\u017e t\u0159etina mu\u017e\u016f.\" \/>\n<meta property=\"og:url\" content=\"https:\/\/www.mzone.cz\/en\/nejen-zeny-jsou-v-prechodu-muzum-zacina-uz-ve-veku-35-let\/\" \/>\n<meta property=\"og:site_name\" content=\"Mzone\" \/>\n<meta property=\"article:publisher\" content=\"https:\/\/www.facebook.com\/MzoneCZ\/\" \/>\n<meta property=\"article:published_time\" content=\"2024-02-07T18:00:00+00:00\" \/>\n<meta property=\"article:modified_time\" content=\"2024-02-07T18:58:15+00:00\" \/>\n<meta property=\"og:image\" content=\"https:\/\/www.mzone.cz\/wp-content\/uploads\/2019\/05\/guy-2617866_1920.jpg\" \/>\n\t<meta property=\"og:image:width\" content=\"1580\" \/>\n\t<meta property=\"og:image:height\" content=\"1054\" \/>\n\t<meta property=\"og:image:type\" content=\"image\/jpeg\" \/>\n<meta name=\"author\" content=\"Mzone\" \/>\n<meta name=\"twitter:card\" content=\"summary_large_image\" \/>\n<meta name=\"twitter:label1\" content=\"Written by\" \/>\n\t<meta name=\"twitter:data1\" content=\"Mzone\" \/>\n\t<meta name=\"twitter:label2\" content=\"Est. reading time\" \/>\n\t<meta name=\"twitter:data2\" content=\"2 minutes\" \/>\n<script type=\"application\/ld+json\" class=\"yoast-schema-graph\">{\"@context\":\"https:\\\/\\\/schema.org\",\"@graph\":[{\"@type\":\"Article\",\"@id\":\"https:\\\/\\\/www.mzone.cz\\\/nejen-zeny-jsou-v-prechodu-muzum-zacina-uz-ve-veku-35-let\\\/#article\",\"isPartOf\":{\"@id\":\"https:\\\/\\\/www.mzone.cz\\\/nejen-zeny-jsou-v-prechodu-muzum-zacina-uz-ve-veku-35-let\\\/\"},\"author\":{\"name\":\"Mzone\",\"@id\":\"https:\\\/\\\/www.mzone.cz\\\/#\\\/schema\\\/person\\\/9bc20cc422a99cac4af6ff9297da32d4\"},\"headline\":\"Nejen \u017eeny jsou v p\u0159echodu. Mu\u017e\u016fm za\u010d\u00edn\u00e1 u\u017e ve v\u011bku 35 let!\",\"datePublished\":\"2024-02-07T18:00:00+00:00\",\"dateModified\":\"2024-02-07T18:58:15+00:00\",\"mainEntityOfPage\":{\"@id\":\"https:\\\/\\\/www.mzone.cz\\\/nejen-zeny-jsou-v-prechodu-muzum-zacina-uz-ve-veku-35-let\\\/\"},\"wordCount\":491,\"commentCount\":1,\"image\":{\"@id\":\"https:\\\/\\\/www.mzone.cz\\\/nejen-zeny-jsou-v-prechodu-muzum-zacina-uz-ve-veku-35-let\\\/#primaryimage\"},\"thumbnailUrl\":\"https:\\\/\\\/www.mzone.cz\\\/wp-content\\\/uploads\\\/2019\\\/05\\\/guy-2617866_1920.jpg\",\"keywords\":[\"andropauza\",\"lidsk\u00e9 t\u011blo\",\"Lifestyle\",\"mu\u017ei\",\"n\u00e1lady\",\"p\u0159echod\",\"p\u0159\u00edznaky\",\"spole\u010dnost\",\"testosteron\",\"v\u011bk\",\"vitam\u00edn D\",\"zdrav\u00ed\"],\"articleSection\":[\"Lifestyle\",\"Style\",\"Zdrav\u00ed\"],\"inLanguage\":\"en-US\",\"potentialAction\":[{\"@type\":\"CommentAction\",\"name\":\"Comment\",\"target\":[\"https:\\\/\\\/www.mzone.cz\\\/nejen-zeny-jsou-v-prechodu-muzum-zacina-uz-ve-veku-35-let\\\/#respond\"]}]},{\"@type\":\"WebPage\",\"@id\":\"https:\\\/\\\/www.mzone.cz\\\/nejen-zeny-jsou-v-prechodu-muzum-zacina-uz-ve-veku-35-let\\\/\",\"url\":\"https:\\\/\\\/www.mzone.cz\\\/nejen-zeny-jsou-v-prechodu-muzum-zacina-uz-ve-veku-35-let\\\/\",\"name\":\"Nejen \u017eeny jsou v p\u0159echodu. Mu\u017e\u016fm za\u010d\u00edn\u00e1 u\u017e ve v\u011bku 35 let! - Mzone\",\"isPartOf\":{\"@id\":\"https:\\\/\\\/www.mzone.cz\\\/#website\"},\"primaryImageOfPage\":{\"@id\":\"https:\\\/\\\/www.mzone.cz\\\/nejen-zeny-jsou-v-prechodu-muzum-zacina-uz-ve-veku-35-let\\\/#primaryimage\"},\"image\":{\"@id\":\"https:\\\/\\\/www.mzone.cz\\\/nejen-zeny-jsou-v-prechodu-muzum-zacina-uz-ve-veku-35-let\\\/#primaryimage\"},\"thumbnailUrl\":\"https:\\\/\\\/www.mzone.cz\\\/wp-content\\\/uploads\\\/2019\\\/05\\\/guy-2617866_1920.jpg\",\"datePublished\":\"2024-02-07T18:00:00+00:00\",\"dateModified\":\"2024-02-07T18:58:15+00:00\",\"author\":{\"@id\":\"https:\\\/\\\/www.mzone.cz\\\/#\\\/schema\\\/person\\\/9bc20cc422a99cac4af6ff9297da32d4\"},\"description\":\"Na rozd\u00edl od \u017een se o mu\u017esk\u00e9m p\u0159echodu p\u0159\u00edli\u0161 nemluv\u00ed, p\u0159esto existuje a v\u011bdci u\u017e ho popsali v roce 1944. Sv\u00fdm zp\u016fsobem je takzvan\u00e1 andropauza u mu\u017e\u016f st\u00e1le tak trochu tabu. A\u010dkoliv jej\u00edmi nep\u0159\u00edjemn\u00fdmi p\u0159\u00edznaky trp\u00ed v\u00edce ne\u017e t\u0159etina mu\u017e\u016f.\",\"breadcrumb\":{\"@id\":\"https:\\\/\\\/www.mzone.cz\\\/nejen-zeny-jsou-v-prechodu-muzum-zacina-uz-ve-veku-35-let\\\/#breadcrumb\"},\"inLanguage\":\"en-US\",\"potentialAction\":[{\"@type\":\"ReadAction\",\"target\":[\"https:\\\/\\\/www.mzone.cz\\\/nejen-zeny-jsou-v-prechodu-muzum-zacina-uz-ve-veku-35-let\\\/\"]}]},{\"@type\":\"ImageObject\",\"inLanguage\":\"en-US\",\"@id\":\"https:\\\/\\\/www.mzone.cz\\\/nejen-zeny-jsou-v-prechodu-muzum-zacina-uz-ve-veku-35-let\\\/#primaryimage\",\"url\":\"https:\\\/\\\/www.mzone.cz\\\/wp-content\\\/uploads\\\/2019\\\/05\\\/guy-2617866_1920.jpg\",\"contentUrl\":\"https:\\\/\\\/www.mzone.cz\\\/wp-content\\\/uploads\\\/2019\\\/05\\\/guy-2617866_1920.jpg\",\"width\":1580,\"height\":1054},{\"@type\":\"BreadcrumbList\",\"@id\":\"https:\\\/\\\/www.mzone.cz\\\/nejen-zeny-jsou-v-prechodu-muzum-zacina-uz-ve-veku-35-let\\\/#breadcrumb\",\"itemListElement\":[{\"@type\":\"ListItem\",\"position\":1,\"name\":\"Dom\u016f\",\"item\":\"https:\\\/\\\/www.mzone.cz\\\/\"},{\"@type\":\"ListItem\",\"position\":2,\"name\":\"Nejen \u017eeny jsou v p\u0159echodu. Mu\u017e\u016fm za\u010d\u00edn\u00e1 u\u017e ve v\u011bku 35 let!\"}]},{\"@type\":\"WebSite\",\"@id\":\"https:\\\/\\\/www.mzone.cz\\\/#website\",\"url\":\"https:\\\/\\\/www.mzone.cz\\\/\",\"name\":\"Mzone\",\"description\":\"Magaz\u00edn nejen pro mu\u017ee\",\"potentialAction\":[{\"@type\":\"SearchAction\",\"target\":{\"@type\":\"EntryPoint\",\"urlTemplate\":\"https:\\\/\\\/www.mzone.cz\\\/?s={search_term_string}\"},\"query-input\":{\"@type\":\"PropertyValueSpecification\",\"valueRequired\":true,\"valueName\":\"search_term_string\"}}],\"inLanguage\":\"en-US\"},{\"@type\":\"Person\",\"@id\":\"https:\\\/\\\/www.mzone.cz\\\/#\\\/schema\\\/person\\\/9bc20cc422a99cac4af6ff9297da32d4\",\"name\":\"Mzone\",\"image\":{\"@type\":\"ImageObject\",\"inLanguage\":\"en-US\",\"@id\":\"https:\\\/\\\/secure.gravatar.com\\\/avatar\\\/e780a8630f3182a3d06dd667ab6bea151a0d155b0951bc15fe22633acdac0676?s=96&d=mm&r=g\",\"url\":\"https:\\\/\\\/secure.gravatar.com\\\/avatar\\\/e780a8630f3182a3d06dd667ab6bea151a0d155b0951bc15fe22633acdac0676?s=96&d=mm&r=g\",\"contentUrl\":\"https:\\\/\\\/secure.gravatar.com\\\/avatar\\\/e780a8630f3182a3d06dd667ab6bea151a0d155b0951bc15fe22633acdac0676?s=96&d=mm&r=g\",\"caption\":\"Mzone\"},\"url\":\"https:\\\/\\\/www.mzone.cz\\\/en\\\/author\\\/jakub\\\/\"}]}<\/script>\n<!-- \/ Yoast SEO plugin. -->","yoast_head_json":{"title":"Nejen \u017eeny jsou v p\u0159echodu. Mu\u017e\u016fm za\u010d\u00edn\u00e1 u\u017e ve v\u011bku 35 let! - Mzone","description":"Na rozd\u00edl od \u017een se o mu\u017esk\u00e9m p\u0159echodu p\u0159\u00edli\u0161 nemluv\u00ed, p\u0159esto existuje a v\u011bdci u\u017e ho popsali v roce 1944. Sv\u00fdm zp\u016fsobem je takzvan\u00e1 andropauza u mu\u017e\u016f st\u00e1le tak trochu tabu. A\u010dkoliv jej\u00edmi nep\u0159\u00edjemn\u00fdmi p\u0159\u00edznaky trp\u00ed v\u00edce ne\u017e t\u0159etina mu\u017e\u016f.","robots":{"index":"index","follow":"follow","max-snippet":"max-snippet:-1","max-image-preview":"max-image-preview:large","max-video-preview":"max-video-preview:-1"},"canonical":"https:\/\/www.mzone.cz\/en\/nejen-zeny-jsou-v-prechodu-muzum-zacina-uz-ve-veku-35-let\/","og_locale":"en_US","og_type":"article","og_title":"Nejen \u017eeny jsou v p\u0159echodu. Mu\u017e\u016fm za\u010d\u00edn\u00e1 u\u017e ve v\u011bku 35 let! - Mzone","og_description":"Na rozd\u00edl od \u017een se o mu\u017esk\u00e9m p\u0159echodu p\u0159\u00edli\u0161 nemluv\u00ed, p\u0159esto existuje a v\u011bdci u\u017e ho popsali v roce 1944. Sv\u00fdm zp\u016fsobem je takzvan\u00e1 andropauza u mu\u017e\u016f st\u00e1le tak trochu tabu. A\u010dkoliv jej\u00edmi nep\u0159\u00edjemn\u00fdmi p\u0159\u00edznaky trp\u00ed v\u00edce ne\u017e t\u0159etina mu\u017e\u016f.","og_url":"https:\/\/www.mzone.cz\/en\/nejen-zeny-jsou-v-prechodu-muzum-zacina-uz-ve-veku-35-let\/","og_site_name":"Mzone","article_publisher":"https:\/\/www.facebook.com\/MzoneCZ\/","article_published_time":"2024-02-07T18:00:00+00:00","article_modified_time":"2024-02-07T18:58:15+00:00","og_image":[{"width":1580,"height":1054,"url":"https:\/\/www.mzone.cz\/wp-content\/uploads\/2019\/05\/guy-2617866_1920.jpg","type":"image\/jpeg"}],"author":"Mzone","twitter_card":"summary_large_image","twitter_misc":{"Written by":"Mzone","Est. reading time":"2 minutes"},"schema":{"@context":"https:\/\/schema.org","@graph":[{"@type":"Article","@id":"https:\/\/www.mzone.cz\/nejen-zeny-jsou-v-prechodu-muzum-zacina-uz-ve-veku-35-let\/#article","isPartOf":{"@id":"https:\/\/www.mzone.cz\/nejen-zeny-jsou-v-prechodu-muzum-zacina-uz-ve-veku-35-let\/"},"author":{"name":"Mzone","@id":"https:\/\/www.mzone.cz\/#\/schema\/person\/9bc20cc422a99cac4af6ff9297da32d4"},"headline":"Nejen \u017eeny jsou v p\u0159echodu. Mu\u017e\u016fm za\u010d\u00edn\u00e1 u\u017e ve v\u011bku 35 let!","datePublished":"2024-02-07T18:00:00+00:00","dateModified":"2024-02-07T18:58:15+00:00","mainEntityOfPage":{"@id":"https:\/\/www.mzone.cz\/nejen-zeny-jsou-v-prechodu-muzum-zacina-uz-ve-veku-35-let\/"},"wordCount":491,"commentCount":1,"image":{"@id":"https:\/\/www.mzone.cz\/nejen-zeny-jsou-v-prechodu-muzum-zacina-uz-ve-veku-35-let\/#primaryimage"},"thumbnailUrl":"https:\/\/www.mzone.cz\/wp-content\/uploads\/2019\/05\/guy-2617866_1920.jpg","keywords":["andropauza","lidsk\u00e9 t\u011blo","Lifestyle","mu\u017ei","n\u00e1lady","p\u0159echod","p\u0159\u00edznaky","spole\u010dnost","testosteron","v\u011bk","vitam\u00edn D","zdrav\u00ed"],"articleSection":["Lifestyle","Style","Zdrav\u00ed"],"inLanguage":"en-US","potentialAction":[{"@type":"CommentAction","name":"Comment","target":["https:\/\/www.mzone.cz\/nejen-zeny-jsou-v-prechodu-muzum-zacina-uz-ve-veku-35-let\/#respond"]}]},{"@type":"WebPage","@id":"https:\/\/www.mzone.cz\/nejen-zeny-jsou-v-prechodu-muzum-zacina-uz-ve-veku-35-let\/","url":"https:\/\/www.mzone.cz\/nejen-zeny-jsou-v-prechodu-muzum-zacina-uz-ve-veku-35-let\/","name":"Nejen \u017eeny jsou v p\u0159echodu. Mu\u017e\u016fm za\u010d\u00edn\u00e1 u\u017e ve v\u011bku 35 let! - Mzone","isPartOf":{"@id":"https:\/\/www.mzone.cz\/#website"},"primaryImageOfPage":{"@id":"https:\/\/www.mzone.cz\/nejen-zeny-jsou-v-prechodu-muzum-zacina-uz-ve-veku-35-let\/#primaryimage"},"image":{"@id":"https:\/\/www.mzone.cz\/nejen-zeny-jsou-v-prechodu-muzum-zacina-uz-ve-veku-35-let\/#primaryimage"},"thumbnailUrl":"https:\/\/www.mzone.cz\/wp-content\/uploads\/2019\/05\/guy-2617866_1920.jpg","datePublished":"2024-02-07T18:00:00+00:00","dateModified":"2024-02-07T18:58:15+00:00","author":{"@id":"https:\/\/www.mzone.cz\/#\/schema\/person\/9bc20cc422a99cac4af6ff9297da32d4"},"description":"Na rozd\u00edl od \u017een se o mu\u017esk\u00e9m p\u0159echodu p\u0159\u00edli\u0161 nemluv\u00ed, p\u0159esto existuje a v\u011bdci u\u017e ho popsali v roce 1944. Sv\u00fdm zp\u016fsobem je takzvan\u00e1 andropauza u mu\u017e\u016f st\u00e1le tak trochu tabu. A\u010dkoliv jej\u00edmi nep\u0159\u00edjemn\u00fdmi p\u0159\u00edznaky trp\u00ed v\u00edce ne\u017e t\u0159etina mu\u017e\u016f.","breadcrumb":{"@id":"https:\/\/www.mzone.cz\/nejen-zeny-jsou-v-prechodu-muzum-zacina-uz-ve-veku-35-let\/#breadcrumb"},"inLanguage":"en-US","potentialAction":[{"@type":"ReadAction","target":["https:\/\/www.mzone.cz\/nejen-zeny-jsou-v-prechodu-muzum-zacina-uz-ve-veku-35-let\/"]}]},{"@type":"ImageObject","inLanguage":"en-US","@id":"https:\/\/www.mzone.cz\/nejen-zeny-jsou-v-prechodu-muzum-zacina-uz-ve-veku-35-let\/#primaryimage","url":"https:\/\/www.mzone.cz\/wp-content\/uploads\/2019\/05\/guy-2617866_1920.jpg","contentUrl":"https:\/\/www.mzone.cz\/wp-content\/uploads\/2019\/05\/guy-2617866_1920.jpg","width":1580,"height":1054},{"@type":"BreadcrumbList","@id":"https:\/\/www.mzone.cz\/nejen-zeny-jsou-v-prechodu-muzum-zacina-uz-ve-veku-35-let\/#breadcrumb","itemListElement":[{"@type":"ListItem","position":1,"name":"Dom\u016f","item":"https:\/\/www.mzone.cz\/"},{"@type":"ListItem","position":2,"name":"Nejen \u017eeny jsou v p\u0159echodu. Mu\u017e\u016fm za\u010d\u00edn\u00e1 u\u017e ve v\u011bku 35 let!"}]},{"@type":"WebSite","@id":"https:\/\/www.mzone.cz\/#website","url":"https:\/\/www.mzone.cz\/","name":"Mzone","description":"Magaz\u00edn nejen pro mu\u017ee","potentialAction":[{"@type":"SearchAction","target":{"@type":"EntryPoint","urlTemplate":"https:\/\/www.mzone.cz\/?s={search_term_string}"},"query-input":{"@type":"PropertyValueSpecification","valueRequired":true,"valueName":"search_term_string"}}],"inLanguage":"en-US"},{"@type":"Person","@id":"https:\/\/www.mzone.cz\/#\/schema\/person\/9bc20cc422a99cac4af6ff9297da32d4","name":"Mzone","image":{"@type":"ImageObject","inLanguage":"en-US","@id":"https:\/\/secure.gravatar.com\/avatar\/e780a8630f3182a3d06dd667ab6bea151a0d155b0951bc15fe22633acdac0676?s=96&d=mm&r=g","url":"https:\/\/secure.gravatar.com\/avatar\/e780a8630f3182a3d06dd667ab6bea151a0d155b0951bc15fe22633acdac0676?s=96&d=mm&r=g","contentUrl":"https:\/\/secure.gravatar.com\/avatar\/e780a8630f3182a3d06dd667ab6bea151a0d155b0951bc15fe22633acdac0676?s=96&d=mm&r=g","caption":"Mzone"},"url":"https:\/\/www.mzone.cz\/en\/author\/jakub\/"}]}},"_links":{"self":[{"href":"https:\/\/www.mzone.cz\/en\/wp-json\/wp\/v2\/posts\/9046","targetHints":{"allow":["GET"]}}],"collection":[{"href":"https:\/\/www.mzone.cz\/en\/wp-json\/wp\/v2\/posts"}],"about":[{"href":"https:\/\/www.mzone.cz\/en\/wp-json\/wp\/v2\/types\/post"}],"author":[{"embeddable":true,"href":"https:\/\/www.mzone.cz\/en\/wp-json\/wp\/v2\/users\/4"}],"replies":[{"embeddable":true,"href":"https:\/\/www.mzone.cz\/en\/wp-json\/wp\/v2\/comments?post=9046"}],"version-history":[{"count":9,"href":"https:\/\/www.mzone.cz\/en\/wp-json\/wp\/v2\/posts\/9046\/revisions"}],"predecessor-version":[{"id":9061,"href":"https:\/\/www.mzone.cz\/en\/wp-json\/wp\/v2\/posts\/9046\/revisions\/9061"}],"wp:featuredmedia":[{"embeddable":true,"href":"https:\/\/www.mzone.cz\/en\/wp-json\/wp\/v2\/media\/9047"}],"wp:attachment":[{"href":"https:\/\/www.mzone.cz\/en\/wp-json\/wp\/v2\/media?parent=9046"}],"wp:term":[{"taxonomy":"category","embeddable":true,"href":"https:\/\/www.mzone.cz\/en\/wp-json\/wp\/v2\/categories?post=9046"},{"taxonomy":"post_tag","embeddable":true,"href":"https:\/\/www.mzone.cz\/en\/wp-json\/wp\/v2\/tags?post=9046"}],"curies":[{"name":"wp","href":"https:\/\/api.w.org\/{rel}","templated":true}]}}