{"id":9681,"date":"2025-06-02T16:00:50","date_gmt":"2025-06-02T14:00:50","guid":{"rendered":"https:\/\/www.mzone.cz\/?p=9681"},"modified":"2025-06-02T16:07:12","modified_gmt":"2025-06-02T14:07:12","slug":"masakr-na-namesti-nebeskeho-klidu-pokus-o-cinskou-sametovou-revoluci-skoncil-krveprolitim","status":"publish","type":"post","link":"https:\/\/www.mzone.cz\/en\/masakr-na-namesti-nebeskeho-klidu-pokus-o-cinskou-sametovou-revoluci-skoncil-krveprolitim\/","title":{"rendered":"Masakr na N\u00e1m\u011bst\u00ed nebesk\u00e9ho klidu: Pokus o \u010d\u00ednskou Sametovou revoluci skon\u010dil krveprolit\u00edm"},"content":{"rendered":"<p><strong>Je r\u00e1no 5. \u010dervna 1989. Nad N\u00e1m\u011bst\u00edm nebesk\u00e9ho klidu v \u010c\u00edn\u011b vis\u00ed \u017ehnouc\u00ed slunce a v jeho paprsc\u00edch se koupe rozlehl\u00e9 prostranstv\u00ed. Jindy&nbsp;\u017eivotem h\u00fd\u0159\u00edc\u00ed prostor&nbsp;je lidupr\u00e1zdn\u00fd. Po jeho okraj\u00edch se pohybuj\u00ed mal\u00e9 skupinky lid\u00ed, sem tam n\u011bkdo projede na kole. V\u0161ichni se mus\u00ed propl\u00e9tat troskami oho\u0159el\u00fdch tank\u016f, aut a mezi poletuj\u00edc\u00edmi kusy oble\u010den\u00ed, vlajek a transparent\u016f. P\u0159ed n\u011bkolika hodinami se zde odehr\u00e1l masakr civilist\u016f.<\/strong><\/p><br>\n\n\n\n<p>Padne \u0159ada v\u00fdst\u0159el\u016f a na n\u00e1m\u011bst\u00ed za\u010dne naj\u00ed\u017ed\u011bt konvoj tank\u016f. M\u00ed\u0159\u00ed k severn\u00edmu c\u00edpu n\u00e1m\u011bst\u00ed, kde maj\u00ed v pl\u00e1nu najet na t\u0159\u00eddu&nbsp;\u0164iang-men. Najednou jim m\u00edrn\u00fdm krokem vstoup\u00ed do cesty mu\u017e v&nbsp;\u010dern\u00fdch kalhot\u00e1ch a b\u00edl\u00e9m tri\u010dku se dv\u011bma n\u00e1kupn\u00edmi ta\u0161kami v rukou. S\u00e1m proti dlouh\u00e9 \u0159ad\u011b&nbsp;kovov\u00fdch monster za\u010dne gestikulovat. Prvn\u00ed tank se jej sna\u017e\u00ed objet, ale mu\u017e mu v\u017edy p\u0159eb\u011bhne do cesty. Po n\u011bkolika pokusech jeho \u0159idi\u010d vypne motor.<\/p>\n\n\n\n<blockquote class=\"wp-block-quote is-layout-flow wp-block-quote-is-layout-flow\"><p>Mu\u017e vyl\u00e9z\u00e1 na tank a kr\u00e1tce hovo\u0159\u00ed s \u010dlenem pos\u00e1dky ve st\u0159eleck\u00e9 v\u011b\u017ei. Pot\u00e9 sl\u00e9z\u00e1, \u010dek\u00e1 a\u017e se tank znovu rozjede a&nbsp;op\u011bt mu vstoup\u00ed do cesty. V tu chv\u00edli jej chytnou dva mu\u017ei a odt\u00e1hnou jej do nedalek\u00e9ho davu. Souboj Davida s Goli\u00e1\u0161em kon\u010d\u00ed, tanky odj\u00ed\u017ed\u00ed a identita anonymn\u00edho&nbsp;hrdiny u\u017e nikdy nebude odhalena.<\/p><\/blockquote>\n\n\n\n<p>Nen\u00ed jasn\u00e9, zda jej tehdy odt\u00e1hli policist\u00e9 nebo starostliv\u00ed p\u0159ihl\u00ed\u017eej\u00edc\u00ed a zpr\u00e1vy o jeho dal\u0161\u00edm osudu se pohybuj\u00ed od popravy a\u017e po \u017eivot v exilu.<\/p><br>\n\n\n\n<figure class=\"wp-block-image\"><img loading=\"lazy\" decoding=\"async\" width=\"1024\" height=\"365\" src=\"https:\/\/www.mzone.cz\/wp-content\/uploads\/2019\/06\/Jacques-Langevin-1024x365.jpg\" alt=\"\" class=\"wp-image-9686\" srcset=\"https:\/\/www.mzone.cz\/wp-content\/uploads\/2019\/06\/Jacques-Langevin-1024x365.jpg 1024w, https:\/\/www.mzone.cz\/wp-content\/uploads\/2019\/06\/Jacques-Langevin-300x107.jpg 300w, https:\/\/www.mzone.cz\/wp-content\/uploads\/2019\/06\/Jacques-Langevin-768x274.jpg 768w, https:\/\/www.mzone.cz\/wp-content\/uploads\/2019\/06\/Jacques-Langevin-590x210.jpg 590w, https:\/\/www.mzone.cz\/wp-content\/uploads\/2019\/06\/Jacques-Langevin.jpg 1440w\" sizes=\"auto, (max-width: 1024px) 100vw, 1024px\" \/><\/figure><br>\n\n\n\n<p>Incident se poda\u0159ilo z nedalek\u00e9ho hotelu zachytit novin\u00e1\u0159\u016fm. Jen p\u011bti se v\u0161ak poda\u0159ilo z\u00e1b\u011bry uchovat p\u0159ed razi\u00ed \u010d\u00ednsk\u00e9 policie a ze zem\u011b propa\u0161ovat (nap\u0159\u00edklad v krabi\u010dce&nbsp;od \u010daje).<\/p>\n\n\n\n<blockquote class=\"wp-block-quote is-layout-flow wp-block-quote-is-layout-flow\"><p>Hrdinn\u00fd p\u0159\u00edb\u011bh se objevil na ob\u00e1lk\u00e1ch v\u0161ech z\u00e1padn\u00edch novin a \u010dasopis\u016f a fotografie anonymn\u00edho mu\u017ee byla \u010dasopisem Time jmenov\u00e1na jedn\u00edm ze 100 nejd\u016fle\u017eit\u011bj\u0161\u00edch z\u00e1b\u011br\u016f historie.<\/p><\/blockquote>\n\n\n\n<p>P\u0159elom 80. a 90. let minul\u00e9ho stolet\u00ed znamenal konec pro v\u011bt\u0161inu komunistick\u00fdch re\u017eim\u016f na sv\u011bt\u011b. Zhroutil se Sov\u011btsk\u00fd svaz i cel\u00fd v\u00fdchodn\u00ed blok a s\u00e9rii tehdej\u0161\u00edch revoluc\u00ed do dne\u0161n\u00edho dne p\u0159e\u017eily jen \u010dty\u0159i komunistick\u00e9 re\u017eimy \u2013 v Laosu, Vietnamu, na Kub\u011b a v \u010c\u00edn\u011b. A pr\u00e1v\u011b&nbsp;\u010c\u00ednsk\u00e1 lidov\u00e1 republika&nbsp;nyn\u00ed pro\u017e\u00edv\u00e1 30 let od krvav\u00e9ho potla\u010den\u00ed protire\u017eimn\u00edch&nbsp;demonstrac\u00ed, kter\u00e9 se odehr\u00e1lo v noci ze 3. na 4. \u010dervna 1989 na&nbsp;N\u00e1m\u011bst\u00ed nebesk\u00e9ho klidu.<\/p><br>\n\n\n\n<figure class=\"wp-block-embed-youtube wp-block-embed is-type-video is-provider-youtube wp-embed-aspect-16-9 wp-has-aspect-ratio\"><div class=\"wp-block-embed__wrapper\">\n<iframe loading=\"lazy\" title=\"Tiananmen Square Massacre:  Black Night In June (2019)\" width=\"600\" height=\"338\" src=\"https:\/\/www.youtube.com\/embed\/hA4iKSeijZI?feature=oembed\" frameborder=\"0\" allow=\"accelerometer; autoplay; clipboard-write; encrypted-media; gyroscope; picture-in-picture; web-share\" referrerpolicy=\"strict-origin-when-cross-origin\" allowfullscreen><\/iframe>\n<\/div><\/figure><br>\n\n\n\n<p>Voj\u00e1ci a tanky tehdy povra\u017edili stovky a\u017e tis\u00edce lid\u00ed. Komunistick\u00e1 vl\u00e1da uml\u010dela opozici a ud\u011blala v\u0161e pro to, aby se na masakr zapomn\u011blo. Do roku po masakru skon\u010dila desetina \u010d\u00ednsk\u00e9ho tisku a n\u00e1stupem nov\u00fdch m\u00e9di\u00ed byly zablokov\u00e1ny v\u0161echny internetov\u00e9 str\u00e1nky, kter\u00e9 o ud\u00e1lostech roku 1989 informovaly jinak ne\u017e podle ofici\u00e1ln\u00ed vl\u00e1dn\u00ed verze. B\u011bhem ka\u017ed\u00e9ho v\u00fdro\u010d\u00ed jsou mobilizov\u00e1ny policejn\u00ed slo\u017eky i paramilitantn\u00ed jednotky a tajn\u00e9 slu\u017eby d\u011blaj\u00ed v\u0161e pro to, aby se ud\u00e1losti op\u011bt nezvrhly.<\/p><br>\n\n\n\n<div class=\"wp-block-image\"><figure class=\"alignleft is-resized\"><img loading=\"lazy\" decoding=\"async\" src=\"https:\/\/www.mzone.cz\/wp-content\/uploads\/2019\/05\/East_Berlin_Death_Strip_seen_from_Axel_Springer_Building_1984-1024x682.jpg\" alt=\"\" class=\"wp-image-6654\" width=\"122\" height=\"81\" srcset=\"https:\/\/www.mzone.cz\/wp-content\/uploads\/2019\/05\/East_Berlin_Death_Strip_seen_from_Axel_Springer_Building_1984-1024x682.jpg 1024w, https:\/\/www.mzone.cz\/wp-content\/uploads\/2019\/05\/East_Berlin_Death_Strip_seen_from_Axel_Springer_Building_1984-300x200.jpg 300w, https:\/\/www.mzone.cz\/wp-content\/uploads\/2019\/05\/East_Berlin_Death_Strip_seen_from_Axel_Springer_Building_1984-768x512.jpg 768w, https:\/\/www.mzone.cz\/wp-content\/uploads\/2019\/05\/East_Berlin_Death_Strip_seen_from_Axel_Springer_Building_1984-800x533.jpg 800w, https:\/\/www.mzone.cz\/wp-content\/uploads\/2019\/05\/East_Berlin_Death_Strip_seen_from_Axel_Springer_Building_1984-400x267.jpg 400w, https:\/\/www.mzone.cz\/wp-content\/uploads\/2019\/05\/East_Berlin_Death_Strip_seen_from_Axel_Springer_Building_1984-500x333.jpg 500w, https:\/\/www.mzone.cz\/wp-content\/uploads\/2019\/05\/East_Berlin_Death_Strip_seen_from_Axel_Springer_Building_1984-1170x780.jpg 1170w, https:\/\/www.mzone.cz\/wp-content\/uploads\/2019\/05\/East_Berlin_Death_Strip_seen_from_Axel_Springer_Building_1984-590x393.jpg 590w, https:\/\/www.mzone.cz\/wp-content\/uploads\/2019\/05\/East_Berlin_Death_Strip_seen_from_Axel_Springer_Building_1984.jpg 1942w\" sizes=\"auto, (max-width: 122px) 100vw, 122px\" \/><\/figure><\/div>\n\n\n\n<h4><a href=\"https:\/\/www.mzone.cz\/7-nejzajimavejsich-a-nejslavnejsich-uteku-pres-berlinskou-zed\/\">7 nejzaj\u00edmav\u011bj\u0161\u00edch a nejslavn\u011bj\u0161\u00edch \u00fat\u011bk\u016f p\u0159es Berl\u00ednskou ze\u010f<\/a><\/h4><br>\n\n\n\n<p>Nejinak tomu bylo i letos. \u010c\u00ednsk\u00e1 policie u\u017e od b\u0159ezna zadr\u017eela&nbsp;\u0159adu aktivist\u016f a uvalila dom\u00e1c\u00ed v\u011bzen\u00ed na \u010dlenky skupiny&nbsp;Matky z Tchien-an-men, \u017eeny, jejich\u017e d\u011bti p\u0159ed 30 lety nechali \u010d\u00edn\u0161t\u00ed komunist\u00e9 zavra\u017edit. Jejich hlava, 82let\u00e1&nbsp;Ding Zilin, byla u\u017e 20. b\u0159ezna nedobrovoln\u011b eskortov\u00e1na tis\u00edc kilometr\u016f od Pekingu do provincie&nbsp;\u0164iang-su.<\/p><br>\n\n\n\n<p>N\u00e1siln\u00e9 potla\u010den\u00ed protestu, kter\u00fd vl\u00e1da p\u0159ipsala&nbsp;kontrarevolucion\u00e1\u0159\u016fm, nebude letos op\u011bt nijak p\u0159ipom\u00edn\u00e1no.<\/p>\n\n\n\n<blockquote class=\"wp-block-quote is-layout-flow wp-block-quote-is-layout-flow\"><p>Ve v\u00fdjime\u010dn\u00e9 zm\u00ednce o n\u011bm ale promluvil \u010d\u00ednsk\u00fd ministr obrany Wej Feng-che. Z\u00e1sah arm\u00e1dy ozna\u010dil za \u201espr\u00e1vn\u00e9 rozhodnut\u00ed\u201c, kter\u00e9 vedlo k sou\u010dasn\u00e9 \u201estabilit\u011b\u201c.<\/p><\/blockquote>\n\n\n\n<p>Protivl\u00e1dn\u00ed protesty roku&nbsp;1989&nbsp;odstartovalo \u00famrt\u00ed pokrokov\u00e9ho&nbsp;l\u00eddra&nbsp;Chu Jao-panga. Obl\u00edben\u00fd politik se zasazoval o politickou a&nbsp;hospod\u00e1\u0159skou reformu. A a\u010d byl po studentsk\u00fdch protestech z roku 1987 odvol\u00e1n z nejvy\u0161\u0161\u00edch funkc\u00ed, st\u00e1le si udr\u017eoval mimo\u0159\u00e1dnou popularitu mezi liber\u00e1ln\u011b lad\u011bnou ob\u010danskou spole\u010dnost\u00ed.<\/p><br>\n\n\n\n<figure class=\"wp-block-image\"><img loading=\"lazy\" decoding=\"async\" width=\"1024\" height=\"697\" src=\"https:\/\/www.mzone.cz\/wp-content\/uploads\/2019\/06\/David-Turnley2-1024x697.jpg\" alt=\"\" class=\"wp-image-9693\" srcset=\"https:\/\/www.mzone.cz\/wp-content\/uploads\/2019\/06\/David-Turnley2.jpg 1024w, https:\/\/www.mzone.cz\/wp-content\/uploads\/2019\/06\/David-Turnley2-300x204.jpg 300w, https:\/\/www.mzone.cz\/wp-content\/uploads\/2019\/06\/David-Turnley2-768x523.jpg 768w, https:\/\/www.mzone.cz\/wp-content\/uploads\/2019\/06\/David-Turnley2-590x402.jpg 590w\" sizes=\"auto, (max-width: 1024px) 100vw, 1024px\" \/><\/figure><br>\n\n\n\n<p>17. dubna 1989, dva dny po jeho smrti, p\u0159i\u0161lo uct\u00edt jeho pam\u00e1tku na N\u00e1m\u011bst\u00ed nebesk\u00e9ho klidu n\u011bkolik stovek student\u016f. M\u00edrumilovn\u00e9 setk\u00e1n\u00ed se zvrhlo v demonstraci na podporu svobody slova, liber\u00e1ln\u00edho hospod\u00e1\u0159stv\u00ed a proti korup\u010dn\u00edm \u017eivl\u016fm komunistick\u00e9 vl\u00e1dy. Protesty se n\u00e1sledn\u011b p\u0159enesly do stovek m\u011bst po cel\u00e9 \u010c\u00edn\u011b.<\/p><br>\n\n\n\n<div class=\"wp-block-image\"><figure class=\"alignleft is-resized\"><img loading=\"lazy\" decoding=\"async\" src=\"https:\/\/www.mzone.cz\/wp-content\/uploads\/2019\/02\/fotbalova-valka-1024x683.jpg\" alt=\"\" class=\"wp-image-5111\" width=\"116\" height=\"76\" srcset=\"https:\/\/www.mzone.cz\/wp-content\/uploads\/2019\/02\/fotbalova-valka-1024x683.jpg 1024w, https:\/\/www.mzone.cz\/wp-content\/uploads\/2019\/02\/fotbalova-valka-300x200.jpg 300w, https:\/\/www.mzone.cz\/wp-content\/uploads\/2019\/02\/fotbalova-valka-768x512.jpg 768w, https:\/\/www.mzone.cz\/wp-content\/uploads\/2019\/02\/fotbalova-valka-800x533.jpg 800w, https:\/\/www.mzone.cz\/wp-content\/uploads\/2019\/02\/fotbalova-valka-400x267.jpg 400w, https:\/\/www.mzone.cz\/wp-content\/uploads\/2019\/02\/fotbalova-valka-500x333.jpg 500w, https:\/\/www.mzone.cz\/wp-content\/uploads\/2019\/02\/fotbalova-valka-1170x780.jpg 1170w, https:\/\/www.mzone.cz\/wp-content\/uploads\/2019\/02\/fotbalova-valka-590x393.jpg 590w, https:\/\/www.mzone.cz\/wp-content\/uploads\/2019\/02\/fotbalova-valka.jpg 1500w\" sizes=\"auto, (max-width: 116px) 100vw, 116px\" \/><\/figure><\/div>\n\n\n\n<h4><a href=\"https:\/\/www.mzone.cz\/fotbalova-valka-aneb-kdyz-se-zapas-zvrhne-ve-stohodinovy-boj-o-zivot\/\">Fotbalov\u00e1 v\u00e1lka aneb kdy\u017e se z\u00e1pas zvrhne ve stohodinov\u00fd boj o \u017eivot<\/a><\/h4><br>\n\n\n\n<p>Studenti \u017e\u00e1dali zm\u011bny po sov\u011btsk\u00e9m vzoru. Na N\u00e1m\u011bst\u00ed nebesk\u00e9ho klidu se sch\u00e1zeli i p\u0159es snahy reform\u00e1m naklon\u011bn\u00e9ho gener\u00e1ln\u00edho tajemn\u00edka \u00dast\u0159edn\u00edho v\u00fdboru Komunistick\u00e9 strany \u010c\u00edny&nbsp;\u010cao C\u2019-janga.<\/p><br>\n\n\n\n<p>Dne 13. kv\u011btna, pouh\u00e9 dva dny p\u0159ed o\u010dek\u00e1van\u00fdm p\u0159\u00edjezdem obdivovan\u00e9ho&nbsp;Michaila Gorba\u010dova se stovky student\u016f rozhodly na n\u00e1m\u011bst\u00ed&nbsp;Tchien-an-men dr\u017eet hladovku. St\u00e1tn\u00ed n\u00e1v\u0161t\u011bva na N\u00e1m\u011bst\u00ed nebesk\u00e9ho klidu byla kv\u016fli tomu zru\u0161ena a nepomohlo ani&nbsp;\u010caovo vystoupen\u00ed, v n\u011bm\u017e studenty prosil, aby&nbsp;protesty ukon\u010dili. V Pekingu bylo t\u00fdden na to vyhl\u00e1\u0161eno stann\u00e9 pr\u00e1vo. K v\u00fdpadu bylo p\u0159ipraveno na 250 tis\u00edc voj\u00e1k\u016f.<\/p><br>\n\n\n\n<figure class=\"wp-block-image\"><img loading=\"lazy\" decoding=\"async\" width=\"1024\" height=\"693\" src=\"https:\/\/www.mzone.cz\/wp-content\/uploads\/2019\/06\/David-Turnley1-1024x693.jpg\" alt=\"\" class=\"wp-image-9705\" srcset=\"https:\/\/www.mzone.cz\/wp-content\/uploads\/2019\/06\/David-Turnley1.jpg 1024w, https:\/\/www.mzone.cz\/wp-content\/uploads\/2019\/06\/David-Turnley1-300x203.jpg 300w, https:\/\/www.mzone.cz\/wp-content\/uploads\/2019\/06\/David-Turnley1-768x520.jpg 768w, https:\/\/www.mzone.cz\/wp-content\/uploads\/2019\/06\/David-Turnley1-590x399.jpg 590w\" sizes=\"auto, (max-width: 1024px) 100vw, 1024px\" \/><\/figure><br>\n\n\n\n<p>Na konci kv\u011btna u\u017e na&nbsp;N\u00e1m\u011bst\u00ed nebesk\u00e9ho klidu protestovalo na milion lid\u00ed, kte\u0159\u00ed jej neopou\u0161t\u011bli, p\u0159esp\u00e1vali na n\u011bm a do\u017eadovali se zm\u011bny. Tak po\u010detn\u00e1 skupina byla ale bez jasn\u00e9ho veden\u00ed, studenti se h\u00e1dali mezi sebou navz\u00e1jem a nem\u011bli \u017e\u00e1dn\u00fd pl\u00e1n. Jedin\u00e9 na \u010dem se shodli bylo, \u017ee cht\u011bj\u00ed liberalizuj\u00edc\u00ed reformy.<\/p>\n\n\n\n<blockquote class=\"wp-block-quote is-layout-flow wp-block-quote-is-layout-flow\"><p>Zato komunistick\u00e9 politbyro m\u011blo jasno \u2013 protesty je t\u0159eba potla\u010dit. Pokud mo\u017eno pokojn\u011b, nebude-li to mo\u017en\u00e9 \u2013 silou.<\/p><\/blockquote>\n\n\n\n<p>Na za\u010d\u00e1tku \u010dervna u\u017e demonstranti tu\u0161ili, \u017ee se proti nim n\u011bco chyst\u00e1. M\u011bsto bylo pln\u00e9 vojensk\u00e9 techniky a arm\u00e1da okupovala kl\u00ed\u010dov\u00e1 pekingsk\u00e1 prostranstv\u00ed. Studenti na N\u00e1m\u011bst\u00ed nebesk\u00e9ho klidu za\u010dali stav\u011bt barik\u00e1dy. Vl\u00e1da se mezit\u00edm dohodla, \u017ee v noci 4. \u010dervna za\u010dne akce a n\u00e1m\u011bst\u00ed bude do 6 hodin do r\u00e1na vyklizeno.<\/p><br>\n\n\n\n<div class=\"wp-block-image\"><figure class=\"alignleft is-resized\"><img loading=\"lazy\" decoding=\"async\" src=\"https:\/\/www.mzone.cz\/wp-content\/uploads\/2018\/12\/1st_Boston_Marathon_blast_seen_from_2nd_floor_and_a_half_block_away_-_about_10_secs_after_blast.jpg\" alt=\"\" class=\"wp-image-2690\" width=\"115\" height=\"77\" srcset=\"https:\/\/www.mzone.cz\/wp-content\/uploads\/2018\/12\/1st_Boston_Marathon_blast_seen_from_2nd_floor_and_a_half_block_away_-_about_10_secs_after_blast.jpg 800w, https:\/\/www.mzone.cz\/wp-content\/uploads\/2018\/12\/1st_Boston_Marathon_blast_seen_from_2nd_floor_and_a_half_block_away_-_about_10_secs_after_blast-300x200.jpg 300w, https:\/\/www.mzone.cz\/wp-content\/uploads\/2018\/12\/1st_Boston_Marathon_blast_seen_from_2nd_floor_and_a_half_block_away_-_about_10_secs_after_blast-768x512.jpg 768w, https:\/\/www.mzone.cz\/wp-content\/uploads\/2018\/12\/1st_Boston_Marathon_blast_seen_from_2nd_floor_and_a_half_block_away_-_about_10_secs_after_blast-400x267.jpg 400w, https:\/\/www.mzone.cz\/wp-content\/uploads\/2018\/12\/1st_Boston_Marathon_blast_seen_from_2nd_floor_and_a_half_block_away_-_about_10_secs_after_blast-500x333.jpg 500w, https:\/\/www.mzone.cz\/wp-content\/uploads\/2018\/12\/1st_Boston_Marathon_blast_seen_from_2nd_floor_and_a_half_block_away_-_about_10_secs_after_blast-590x393.jpg 590w\" sizes=\"auto, (max-width: 115px) 100vw, 115px\" \/><\/figure><\/div>\n\n\n\n<h4><a href=\"https:\/\/www.mzone.cz\/kdyz-zlo-uderi-tohle-jsou-nejznamejsi-bombove-utoky-historie\/\">Kdy\u017e zlo ude\u0159\u00ed: Tohle jsou nejzn\u00e1m\u011bj\u0161\u00ed bombov\u00e9 \u00fatoky historie<\/a><\/h4><br>\n\n\n\n<p>Arm\u00e1dn\u00ed z\u00e1sah za\u010dal kolem des\u00e1t\u00e9 hodiny ve\u010der p\u0159\u00edjezdem \u010d\u00e1sti vojensk\u00fdch vozidel (dal\u0161\u00ed byly zastaveny po cest\u011b v jin\u00fdch \u010d\u00e1stech m\u011bsta.<\/p>\n\n\n\n<blockquote class=\"wp-block-quote is-layout-flow wp-block-quote-is-layout-flow\"><p>Voj\u00e1ci se nejprve st\u0159elbou do vzduchu sna\u017eili dav rozehnat. Nepoda\u0159ilo se. Spustili tedy palbu ostr\u00fdmi n\u00e1boji do \u0161okovan\u00fdch demonstrant\u016f.<\/p><\/blockquote>\n\n\n\n<p>Ti se ani tak nerozutekli a za\u010dali \u00fatok op\u011btovat h\u00e1zen\u00edm kamen\u016f, molotovov\u00fdch koktejl\u016f a sklen\u011bn\u00fdch lahv\u00ed. N\u00e1sledoval masakr, za kter\u00fd zaplatily \u017eivotem stovky a\u017e tis\u00edce lid\u00ed. Ofici\u00e1ln\u00ed \u010d\u00edsla nikdy nebyla uve\u0159ejn\u011bna. Na stran\u011b arm\u00e1dy bylo \u00fadajn\u011b&nbsp;7 ob\u011bt\u00ed. Mezi zast\u0159elen\u00fdmi byli i rodi\u010de mrtv\u00fdch, kte\u0159\u00ed p\u0159i\u0161li r\u00e1no po masakru na n\u00e1m\u011bst\u00ed hledat sv\u00e9 d\u011bti.<\/p><br>\n\n\n\n<figure class=\"wp-block-embed-youtube wp-block-embed is-type-video is-provider-youtube wp-embed-aspect-16-9 wp-has-aspect-ratio\"><div class=\"wp-block-embed__wrapper\">\n<iframe loading=\"lazy\" title=\"Man vs. tank in Tiananmen square (1989)\" width=\"600\" height=\"338\" src=\"https:\/\/www.youtube.com\/embed\/YeFzeNAHEhU?feature=oembed\" frameborder=\"0\" allow=\"accelerometer; autoplay; clipboard-write; encrypted-media; gyroscope; picture-in-picture; web-share\" referrerpolicy=\"strict-origin-when-cross-origin\" allowfullscreen><\/iframe>\n<\/div><\/figure><br>\n\n\n\n<p>N\u00e1m\u011bst\u00ed nebesk\u00e9ho klidu bylo na dal\u0161\u00ed dva t\u00fddny uzav\u0159eno, na 10 tis\u00edc lid\u00ed bylo zadr\u017eeno, \u0159ada z nich byla mu\u010dena a popravena. Jen sedmi studentsk\u00fdm v\u016fdc\u016fm se poda\u0159ilo uprchnout. Hlavy padaly ale i ve vl\u00e1d\u011b.&nbsp;\u010cao C\u2019-jang byl sesazen a posl\u00e1n na do\u017eivot\u00ed do dom\u00e1c\u00edho v\u011bzen\u00ed a v \u010dele vl\u00e1dy jej nahradil&nbsp;\u0164iang Ce-min.<\/p><br>\n\n\n\n<p>Demonstranti byli ozna\u010deni za kontrarevolucion\u00e1\u0159e, kter\u00fdm ne\u0161lo o korupci, ale o svr\u017een\u00ed&nbsp;re\u017eimu a ustanoven\u00ed bur\u017eoazn\u00ed vl\u00e1dy. \u010ceskoslovensk\u00e1 vl\u00e1da tehdy vyj\u00e1d\u0159ila komunistick\u00e9mu veden\u00ed \u010c\u00edny podporu a vymezila se proti demonstrant\u016fm. Situace v \u010c\u00edn\u011b se stabilizovala a komunist\u00e9 se i p\u0159es krvav\u00e9 potla\u010den\u00ed demonstrace p\u0159ed 30 let d\u00e1le dr\u017e\u00ed u moci&#8230;<\/p><br>","protected":false},"excerpt":{"rendered":"<p>Je r\u00e1no 5. \u010dervna 1989. Nad N\u00e1m\u011bst\u00edm nebesk\u00e9ho klidu v \u010c\u00edn\u011b vis\u00ed \u017ehnouc\u00ed slunce a v jeho paprsc\u00edch se koupe rozlehl\u00e9 prostranstv\u00ed. Jindy&nbsp;\u017eivotem h\u00fd\u0159\u00edc\u00ed prostor&nbsp;je lidupr\u00e1zdn\u00fd. Po jeho okraj\u00edch se pohybuj\u00ed mal\u00e9 skupinky lid\u00ed, sem tam n\u011bkdo projede na kole. V\u0161ichni se mus\u00ed propl\u00e9tat troskami oho\u0159el\u00fdch tank\u016f, aut a mezi poletuj\u00edc\u00edmi kusy oble\u010den\u00ed, vlajek a [&hellip;]<\/p>\n","protected":false},"author":4,"featured_media":9682,"comment_status":"open","ping_status":"closed","sticky":false,"template":"","format":"standard","meta":{"kk_blocks_editor_width":"","_kiokenblocks_attr":"","_kiokenblocks_dimensions":"","footnotes":""},"categories":[387],"tags":[2316,2317,87,2318,2299,2314,2319,710,2320,2315,1359],"class_list":["post-9681","post","type-post","status-publish","format-standard","has-post-thumbnail","hentry","category-historie","tag-cina","tag-demonstrace","tag-historie","tag-komunismus","tag-komuniste","tag-masakr","tag-namesti-nebeskeho-klidu","tag-nasili","tag-peking","tag-potlaceni","tag-revoluce"],"yoast_head":"<!-- This site is optimized with the Yoast SEO plugin v27.5 - https:\/\/yoast.com\/product\/yoast-seo-wordpress\/ -->\n<title>Masakr na N\u00e1m\u011bst\u00ed nebesk\u00e9ho klidu: Pokus o \u010d\u00ednskou Sametovou revoluci skon\u010dil krveprolit\u00edm - Mzone<\/title>\n<meta name=\"description\" content=\"Je r\u00e1no 5. \u010dervna 1989. Nad N\u00e1m\u011bst\u00edm nebesk\u00e9ho klidu v \u010c\u00edn\u011b vis\u00ed \u017ehnouc\u00ed slunce a v jeho paprsc\u00edch se koupe rozlehl\u00e9 prostranstv\u00ed. Jindy\u00a0\u017eivotem h\u00fd\u0159\u00edc\u00ed prostor\u00a0je lidupr\u00e1zdn\u00fd. Po jeho okraj\u00edch se pohybuj\u00ed mal\u00e9 skupinky lid\u00ed, sem tam n\u011bkdo projede na kole. V\u0161ichni se mus\u00ed propl\u00e9tat troskami oho\u0159el\u00fdch tank\u016f, aut a mezi poletuj\u00edc\u00edmi kusy oble\u010den\u00ed, vlajek a transparent\u016f. P\u0159ed n\u011bkolika hodinami se zde odehr\u00e1l masakr civilist\u016f.\" \/>\n<meta name=\"robots\" content=\"index, follow, max-snippet:-1, max-image-preview:large, max-video-preview:-1\" \/>\n<link rel=\"canonical\" href=\"https:\/\/www.mzone.cz\/en\/masakr-na-namesti-nebeskeho-klidu-pokus-o-cinskou-sametovou-revoluci-skoncil-krveprolitim\/\" \/>\n<meta property=\"og:locale\" content=\"en_US\" \/>\n<meta property=\"og:type\" content=\"article\" \/>\n<meta property=\"og:title\" content=\"Masakr na N\u00e1m\u011bst\u00ed nebesk\u00e9ho klidu: Pokus o \u010d\u00ednskou Sametovou revoluci skon\u010dil krveprolit\u00edm - Mzone\" \/>\n<meta property=\"og:description\" content=\"Je r\u00e1no 5. \u010dervna 1989. Nad N\u00e1m\u011bst\u00edm nebesk\u00e9ho klidu v \u010c\u00edn\u011b vis\u00ed \u017ehnouc\u00ed slunce a v jeho paprsc\u00edch se koupe rozlehl\u00e9 prostranstv\u00ed. Jindy\u00a0\u017eivotem h\u00fd\u0159\u00edc\u00ed prostor\u00a0je lidupr\u00e1zdn\u00fd. Po jeho okraj\u00edch se pohybuj\u00ed mal\u00e9 skupinky lid\u00ed, sem tam n\u011bkdo projede na kole. V\u0161ichni se mus\u00ed propl\u00e9tat troskami oho\u0159el\u00fdch tank\u016f, aut a mezi poletuj\u00edc\u00edmi kusy oble\u010den\u00ed, vlajek a transparent\u016f. P\u0159ed n\u011bkolika hodinami se zde odehr\u00e1l masakr civilist\u016f.\" \/>\n<meta property=\"og:url\" content=\"https:\/\/www.mzone.cz\/en\/masakr-na-namesti-nebeskeho-klidu-pokus-o-cinskou-sametovou-revoluci-skoncil-krveprolitim\/\" \/>\n<meta property=\"og:site_name\" content=\"Mzone\" \/>\n<meta property=\"article:publisher\" content=\"https:\/\/www.facebook.com\/MzoneCZ\/\" \/>\n<meta property=\"article:published_time\" content=\"2025-06-02T14:00:50+00:00\" \/>\n<meta property=\"article:modified_time\" content=\"2025-06-02T14:07:12+00:00\" \/>\n<meta property=\"og:image\" content=\"https:\/\/www.mzone.cz\/wp-content\/uploads\/2019\/06\/David-Turnley3.jpg\" \/>\n\t<meta property=\"og:image:width\" content=\"984\" \/>\n\t<meta property=\"og:image:height\" content=\"656\" \/>\n\t<meta property=\"og:image:type\" content=\"image\/jpeg\" \/>\n<meta name=\"author\" content=\"Mzone\" \/>\n<meta name=\"twitter:card\" content=\"summary_large_image\" \/>\n<meta name=\"twitter:label1\" content=\"Written by\" \/>\n\t<meta name=\"twitter:data1\" content=\"Mzone\" \/>\n\t<meta name=\"twitter:label2\" content=\"Est. reading time\" \/>\n\t<meta name=\"twitter:data2\" content=\"7 minutes\" \/>\n<script type=\"application\/ld+json\" class=\"yoast-schema-graph\">{\"@context\":\"https:\\\/\\\/schema.org\",\"@graph\":[{\"@type\":\"Article\",\"@id\":\"https:\\\/\\\/www.mzone.cz\\\/masakr-na-namesti-nebeskeho-klidu-pokus-o-cinskou-sametovou-revoluci-skoncil-krveprolitim\\\/#article\",\"isPartOf\":{\"@id\":\"https:\\\/\\\/www.mzone.cz\\\/masakr-na-namesti-nebeskeho-klidu-pokus-o-cinskou-sametovou-revoluci-skoncil-krveprolitim\\\/\"},\"author\":{\"name\":\"Mzone\",\"@id\":\"https:\\\/\\\/www.mzone.cz\\\/#\\\/schema\\\/person\\\/9bc20cc422a99cac4af6ff9297da32d4\"},\"headline\":\"Masakr na N\u00e1m\u011bst\u00ed nebesk\u00e9ho klidu: Pokus o \u010d\u00ednskou Sametovou revoluci skon\u010dil krveprolit\u00edm\",\"datePublished\":\"2025-06-02T14:00:50+00:00\",\"dateModified\":\"2025-06-02T14:07:12+00:00\",\"mainEntityOfPage\":{\"@id\":\"https:\\\/\\\/www.mzone.cz\\\/masakr-na-namesti-nebeskeho-klidu-pokus-o-cinskou-sametovou-revoluci-skoncil-krveprolitim\\\/\"},\"wordCount\":1453,\"commentCount\":0,\"image\":{\"@id\":\"https:\\\/\\\/www.mzone.cz\\\/masakr-na-namesti-nebeskeho-klidu-pokus-o-cinskou-sametovou-revoluci-skoncil-krveprolitim\\\/#primaryimage\"},\"thumbnailUrl\":\"https:\\\/\\\/www.mzone.cz\\\/wp-content\\\/uploads\\\/2019\\\/06\\\/David-Turnley3.jpg\",\"keywords\":[\"\u010c\u00edna\",\"demonstrace\",\"Historie\",\"komunismus\",\"komunist\u00e9\",\"masakr\",\"N\u00e1m\u011bst\u00ed nebesk\u00e9ho klidu\",\"n\u00e1sil\u00ed\",\"Peking\",\"potla\u010den\u00ed\",\"revoluce\"],\"articleSection\":[\"Historie\"],\"inLanguage\":\"en-US\",\"potentialAction\":[{\"@type\":\"CommentAction\",\"name\":\"Comment\",\"target\":[\"https:\\\/\\\/www.mzone.cz\\\/masakr-na-namesti-nebeskeho-klidu-pokus-o-cinskou-sametovou-revoluci-skoncil-krveprolitim\\\/#respond\"]}]},{\"@type\":\"WebPage\",\"@id\":\"https:\\\/\\\/www.mzone.cz\\\/masakr-na-namesti-nebeskeho-klidu-pokus-o-cinskou-sametovou-revoluci-skoncil-krveprolitim\\\/\",\"url\":\"https:\\\/\\\/www.mzone.cz\\\/masakr-na-namesti-nebeskeho-klidu-pokus-o-cinskou-sametovou-revoluci-skoncil-krveprolitim\\\/\",\"name\":\"Masakr na N\u00e1m\u011bst\u00ed nebesk\u00e9ho klidu: Pokus o \u010d\u00ednskou Sametovou revoluci skon\u010dil krveprolit\u00edm - Mzone\",\"isPartOf\":{\"@id\":\"https:\\\/\\\/www.mzone.cz\\\/#website\"},\"primaryImageOfPage\":{\"@id\":\"https:\\\/\\\/www.mzone.cz\\\/masakr-na-namesti-nebeskeho-klidu-pokus-o-cinskou-sametovou-revoluci-skoncil-krveprolitim\\\/#primaryimage\"},\"image\":{\"@id\":\"https:\\\/\\\/www.mzone.cz\\\/masakr-na-namesti-nebeskeho-klidu-pokus-o-cinskou-sametovou-revoluci-skoncil-krveprolitim\\\/#primaryimage\"},\"thumbnailUrl\":\"https:\\\/\\\/www.mzone.cz\\\/wp-content\\\/uploads\\\/2019\\\/06\\\/David-Turnley3.jpg\",\"datePublished\":\"2025-06-02T14:00:50+00:00\",\"dateModified\":\"2025-06-02T14:07:12+00:00\",\"author\":{\"@id\":\"https:\\\/\\\/www.mzone.cz\\\/#\\\/schema\\\/person\\\/9bc20cc422a99cac4af6ff9297da32d4\"},\"description\":\"Je r\u00e1no 5. \u010dervna 1989. Nad N\u00e1m\u011bst\u00edm nebesk\u00e9ho klidu v \u010c\u00edn\u011b vis\u00ed \u017ehnouc\u00ed slunce a v jeho paprsc\u00edch se koupe rozlehl\u00e9 prostranstv\u00ed. Jindy\u00a0\u017eivotem h\u00fd\u0159\u00edc\u00ed prostor\u00a0je lidupr\u00e1zdn\u00fd. Po jeho okraj\u00edch se pohybuj\u00ed mal\u00e9 skupinky lid\u00ed, sem tam n\u011bkdo projede na kole. V\u0161ichni se mus\u00ed propl\u00e9tat troskami oho\u0159el\u00fdch tank\u016f, aut a mezi poletuj\u00edc\u00edmi kusy oble\u010den\u00ed, vlajek a transparent\u016f. P\u0159ed n\u011bkolika hodinami se zde odehr\u00e1l masakr civilist\u016f.\",\"breadcrumb\":{\"@id\":\"https:\\\/\\\/www.mzone.cz\\\/masakr-na-namesti-nebeskeho-klidu-pokus-o-cinskou-sametovou-revoluci-skoncil-krveprolitim\\\/#breadcrumb\"},\"inLanguage\":\"en-US\",\"potentialAction\":[{\"@type\":\"ReadAction\",\"target\":[\"https:\\\/\\\/www.mzone.cz\\\/masakr-na-namesti-nebeskeho-klidu-pokus-o-cinskou-sametovou-revoluci-skoncil-krveprolitim\\\/\"]}]},{\"@type\":\"ImageObject\",\"inLanguage\":\"en-US\",\"@id\":\"https:\\\/\\\/www.mzone.cz\\\/masakr-na-namesti-nebeskeho-klidu-pokus-o-cinskou-sametovou-revoluci-skoncil-krveprolitim\\\/#primaryimage\",\"url\":\"https:\\\/\\\/www.mzone.cz\\\/wp-content\\\/uploads\\\/2019\\\/06\\\/David-Turnley3.jpg\",\"contentUrl\":\"https:\\\/\\\/www.mzone.cz\\\/wp-content\\\/uploads\\\/2019\\\/06\\\/David-Turnley3.jpg\",\"width\":984,\"height\":656},{\"@type\":\"BreadcrumbList\",\"@id\":\"https:\\\/\\\/www.mzone.cz\\\/masakr-na-namesti-nebeskeho-klidu-pokus-o-cinskou-sametovou-revoluci-skoncil-krveprolitim\\\/#breadcrumb\",\"itemListElement\":[{\"@type\":\"ListItem\",\"position\":1,\"name\":\"Dom\u016f\",\"item\":\"https:\\\/\\\/www.mzone.cz\\\/\"},{\"@type\":\"ListItem\",\"position\":2,\"name\":\"Masakr na N\u00e1m\u011bst\u00ed nebesk\u00e9ho klidu: Pokus o \u010d\u00ednskou Sametovou revoluci skon\u010dil krveprolit\u00edm\"}]},{\"@type\":\"WebSite\",\"@id\":\"https:\\\/\\\/www.mzone.cz\\\/#website\",\"url\":\"https:\\\/\\\/www.mzone.cz\\\/\",\"name\":\"Mzone\",\"description\":\"Magaz\u00edn nejen pro mu\u017ee\",\"potentialAction\":[{\"@type\":\"SearchAction\",\"target\":{\"@type\":\"EntryPoint\",\"urlTemplate\":\"https:\\\/\\\/www.mzone.cz\\\/?s={search_term_string}\"},\"query-input\":{\"@type\":\"PropertyValueSpecification\",\"valueRequired\":true,\"valueName\":\"search_term_string\"}}],\"inLanguage\":\"en-US\"},{\"@type\":\"Person\",\"@id\":\"https:\\\/\\\/www.mzone.cz\\\/#\\\/schema\\\/person\\\/9bc20cc422a99cac4af6ff9297da32d4\",\"name\":\"Mzone\",\"image\":{\"@type\":\"ImageObject\",\"inLanguage\":\"en-US\",\"@id\":\"https:\\\/\\\/secure.gravatar.com\\\/avatar\\\/e780a8630f3182a3d06dd667ab6bea151a0d155b0951bc15fe22633acdac0676?s=96&d=mm&r=g\",\"url\":\"https:\\\/\\\/secure.gravatar.com\\\/avatar\\\/e780a8630f3182a3d06dd667ab6bea151a0d155b0951bc15fe22633acdac0676?s=96&d=mm&r=g\",\"contentUrl\":\"https:\\\/\\\/secure.gravatar.com\\\/avatar\\\/e780a8630f3182a3d06dd667ab6bea151a0d155b0951bc15fe22633acdac0676?s=96&d=mm&r=g\",\"caption\":\"Mzone\"},\"url\":\"https:\\\/\\\/www.mzone.cz\\\/en\\\/author\\\/jakub\\\/\"}]}<\/script>\n<!-- \/ Yoast SEO plugin. -->","yoast_head_json":{"title":"Masakr na N\u00e1m\u011bst\u00ed nebesk\u00e9ho klidu: Pokus o \u010d\u00ednskou Sametovou revoluci skon\u010dil krveprolit\u00edm - Mzone","description":"Je r\u00e1no 5. \u010dervna 1989. Nad N\u00e1m\u011bst\u00edm nebesk\u00e9ho klidu v \u010c\u00edn\u011b vis\u00ed \u017ehnouc\u00ed slunce a v jeho paprsc\u00edch se koupe rozlehl\u00e9 prostranstv\u00ed. Jindy\u00a0\u017eivotem h\u00fd\u0159\u00edc\u00ed prostor\u00a0je lidupr\u00e1zdn\u00fd. Po jeho okraj\u00edch se pohybuj\u00ed mal\u00e9 skupinky lid\u00ed, sem tam n\u011bkdo projede na kole. V\u0161ichni se mus\u00ed propl\u00e9tat troskami oho\u0159el\u00fdch tank\u016f, aut a mezi poletuj\u00edc\u00edmi kusy oble\u010den\u00ed, vlajek a transparent\u016f. P\u0159ed n\u011bkolika hodinami se zde odehr\u00e1l masakr civilist\u016f.","robots":{"index":"index","follow":"follow","max-snippet":"max-snippet:-1","max-image-preview":"max-image-preview:large","max-video-preview":"max-video-preview:-1"},"canonical":"https:\/\/www.mzone.cz\/en\/masakr-na-namesti-nebeskeho-klidu-pokus-o-cinskou-sametovou-revoluci-skoncil-krveprolitim\/","og_locale":"en_US","og_type":"article","og_title":"Masakr na N\u00e1m\u011bst\u00ed nebesk\u00e9ho klidu: Pokus o \u010d\u00ednskou Sametovou revoluci skon\u010dil krveprolit\u00edm - Mzone","og_description":"Je r\u00e1no 5. \u010dervna 1989. Nad N\u00e1m\u011bst\u00edm nebesk\u00e9ho klidu v \u010c\u00edn\u011b vis\u00ed \u017ehnouc\u00ed slunce a v jeho paprsc\u00edch se koupe rozlehl\u00e9 prostranstv\u00ed. Jindy\u00a0\u017eivotem h\u00fd\u0159\u00edc\u00ed prostor\u00a0je lidupr\u00e1zdn\u00fd. Po jeho okraj\u00edch se pohybuj\u00ed mal\u00e9 skupinky lid\u00ed, sem tam n\u011bkdo projede na kole. V\u0161ichni se mus\u00ed propl\u00e9tat troskami oho\u0159el\u00fdch tank\u016f, aut a mezi poletuj\u00edc\u00edmi kusy oble\u010den\u00ed, vlajek a transparent\u016f. P\u0159ed n\u011bkolika hodinami se zde odehr\u00e1l masakr civilist\u016f.","og_url":"https:\/\/www.mzone.cz\/en\/masakr-na-namesti-nebeskeho-klidu-pokus-o-cinskou-sametovou-revoluci-skoncil-krveprolitim\/","og_site_name":"Mzone","article_publisher":"https:\/\/www.facebook.com\/MzoneCZ\/","article_published_time":"2025-06-02T14:00:50+00:00","article_modified_time":"2025-06-02T14:07:12+00:00","og_image":[{"width":984,"height":656,"url":"https:\/\/www.mzone.cz\/wp-content\/uploads\/2019\/06\/David-Turnley3.jpg","type":"image\/jpeg"}],"author":"Mzone","twitter_card":"summary_large_image","twitter_misc":{"Written by":"Mzone","Est. reading time":"7 minutes"},"schema":{"@context":"https:\/\/schema.org","@graph":[{"@type":"Article","@id":"https:\/\/www.mzone.cz\/masakr-na-namesti-nebeskeho-klidu-pokus-o-cinskou-sametovou-revoluci-skoncil-krveprolitim\/#article","isPartOf":{"@id":"https:\/\/www.mzone.cz\/masakr-na-namesti-nebeskeho-klidu-pokus-o-cinskou-sametovou-revoluci-skoncil-krveprolitim\/"},"author":{"name":"Mzone","@id":"https:\/\/www.mzone.cz\/#\/schema\/person\/9bc20cc422a99cac4af6ff9297da32d4"},"headline":"Masakr na N\u00e1m\u011bst\u00ed nebesk\u00e9ho klidu: Pokus o \u010d\u00ednskou Sametovou revoluci skon\u010dil krveprolit\u00edm","datePublished":"2025-06-02T14:00:50+00:00","dateModified":"2025-06-02T14:07:12+00:00","mainEntityOfPage":{"@id":"https:\/\/www.mzone.cz\/masakr-na-namesti-nebeskeho-klidu-pokus-o-cinskou-sametovou-revoluci-skoncil-krveprolitim\/"},"wordCount":1453,"commentCount":0,"image":{"@id":"https:\/\/www.mzone.cz\/masakr-na-namesti-nebeskeho-klidu-pokus-o-cinskou-sametovou-revoluci-skoncil-krveprolitim\/#primaryimage"},"thumbnailUrl":"https:\/\/www.mzone.cz\/wp-content\/uploads\/2019\/06\/David-Turnley3.jpg","keywords":["\u010c\u00edna","demonstrace","Historie","komunismus","komunist\u00e9","masakr","N\u00e1m\u011bst\u00ed nebesk\u00e9ho klidu","n\u00e1sil\u00ed","Peking","potla\u010den\u00ed","revoluce"],"articleSection":["Historie"],"inLanguage":"en-US","potentialAction":[{"@type":"CommentAction","name":"Comment","target":["https:\/\/www.mzone.cz\/masakr-na-namesti-nebeskeho-klidu-pokus-o-cinskou-sametovou-revoluci-skoncil-krveprolitim\/#respond"]}]},{"@type":"WebPage","@id":"https:\/\/www.mzone.cz\/masakr-na-namesti-nebeskeho-klidu-pokus-o-cinskou-sametovou-revoluci-skoncil-krveprolitim\/","url":"https:\/\/www.mzone.cz\/masakr-na-namesti-nebeskeho-klidu-pokus-o-cinskou-sametovou-revoluci-skoncil-krveprolitim\/","name":"Masakr na N\u00e1m\u011bst\u00ed nebesk\u00e9ho klidu: Pokus o \u010d\u00ednskou Sametovou revoluci skon\u010dil krveprolit\u00edm - Mzone","isPartOf":{"@id":"https:\/\/www.mzone.cz\/#website"},"primaryImageOfPage":{"@id":"https:\/\/www.mzone.cz\/masakr-na-namesti-nebeskeho-klidu-pokus-o-cinskou-sametovou-revoluci-skoncil-krveprolitim\/#primaryimage"},"image":{"@id":"https:\/\/www.mzone.cz\/masakr-na-namesti-nebeskeho-klidu-pokus-o-cinskou-sametovou-revoluci-skoncil-krveprolitim\/#primaryimage"},"thumbnailUrl":"https:\/\/www.mzone.cz\/wp-content\/uploads\/2019\/06\/David-Turnley3.jpg","datePublished":"2025-06-02T14:00:50+00:00","dateModified":"2025-06-02T14:07:12+00:00","author":{"@id":"https:\/\/www.mzone.cz\/#\/schema\/person\/9bc20cc422a99cac4af6ff9297da32d4"},"description":"Je r\u00e1no 5. \u010dervna 1989. Nad N\u00e1m\u011bst\u00edm nebesk\u00e9ho klidu v \u010c\u00edn\u011b vis\u00ed \u017ehnouc\u00ed slunce a v jeho paprsc\u00edch se koupe rozlehl\u00e9 prostranstv\u00ed. Jindy\u00a0\u017eivotem h\u00fd\u0159\u00edc\u00ed prostor\u00a0je lidupr\u00e1zdn\u00fd. Po jeho okraj\u00edch se pohybuj\u00ed mal\u00e9 skupinky lid\u00ed, sem tam n\u011bkdo projede na kole. V\u0161ichni se mus\u00ed propl\u00e9tat troskami oho\u0159el\u00fdch tank\u016f, aut a mezi poletuj\u00edc\u00edmi kusy oble\u010den\u00ed, vlajek a transparent\u016f. P\u0159ed n\u011bkolika hodinami se zde odehr\u00e1l masakr civilist\u016f.","breadcrumb":{"@id":"https:\/\/www.mzone.cz\/masakr-na-namesti-nebeskeho-klidu-pokus-o-cinskou-sametovou-revoluci-skoncil-krveprolitim\/#breadcrumb"},"inLanguage":"en-US","potentialAction":[{"@type":"ReadAction","target":["https:\/\/www.mzone.cz\/masakr-na-namesti-nebeskeho-klidu-pokus-o-cinskou-sametovou-revoluci-skoncil-krveprolitim\/"]}]},{"@type":"ImageObject","inLanguage":"en-US","@id":"https:\/\/www.mzone.cz\/masakr-na-namesti-nebeskeho-klidu-pokus-o-cinskou-sametovou-revoluci-skoncil-krveprolitim\/#primaryimage","url":"https:\/\/www.mzone.cz\/wp-content\/uploads\/2019\/06\/David-Turnley3.jpg","contentUrl":"https:\/\/www.mzone.cz\/wp-content\/uploads\/2019\/06\/David-Turnley3.jpg","width":984,"height":656},{"@type":"BreadcrumbList","@id":"https:\/\/www.mzone.cz\/masakr-na-namesti-nebeskeho-klidu-pokus-o-cinskou-sametovou-revoluci-skoncil-krveprolitim\/#breadcrumb","itemListElement":[{"@type":"ListItem","position":1,"name":"Dom\u016f","item":"https:\/\/www.mzone.cz\/"},{"@type":"ListItem","position":2,"name":"Masakr na N\u00e1m\u011bst\u00ed nebesk\u00e9ho klidu: Pokus o \u010d\u00ednskou Sametovou revoluci skon\u010dil krveprolit\u00edm"}]},{"@type":"WebSite","@id":"https:\/\/www.mzone.cz\/#website","url":"https:\/\/www.mzone.cz\/","name":"Mzone","description":"Magaz\u00edn nejen pro mu\u017ee","potentialAction":[{"@type":"SearchAction","target":{"@type":"EntryPoint","urlTemplate":"https:\/\/www.mzone.cz\/?s={search_term_string}"},"query-input":{"@type":"PropertyValueSpecification","valueRequired":true,"valueName":"search_term_string"}}],"inLanguage":"en-US"},{"@type":"Person","@id":"https:\/\/www.mzone.cz\/#\/schema\/person\/9bc20cc422a99cac4af6ff9297da32d4","name":"Mzone","image":{"@type":"ImageObject","inLanguage":"en-US","@id":"https:\/\/secure.gravatar.com\/avatar\/e780a8630f3182a3d06dd667ab6bea151a0d155b0951bc15fe22633acdac0676?s=96&d=mm&r=g","url":"https:\/\/secure.gravatar.com\/avatar\/e780a8630f3182a3d06dd667ab6bea151a0d155b0951bc15fe22633acdac0676?s=96&d=mm&r=g","contentUrl":"https:\/\/secure.gravatar.com\/avatar\/e780a8630f3182a3d06dd667ab6bea151a0d155b0951bc15fe22633acdac0676?s=96&d=mm&r=g","caption":"Mzone"},"url":"https:\/\/www.mzone.cz\/en\/author\/jakub\/"}]}},"_links":{"self":[{"href":"https:\/\/www.mzone.cz\/en\/wp-json\/wp\/v2\/posts\/9681","targetHints":{"allow":["GET"]}}],"collection":[{"href":"https:\/\/www.mzone.cz\/en\/wp-json\/wp\/v2\/posts"}],"about":[{"href":"https:\/\/www.mzone.cz\/en\/wp-json\/wp\/v2\/types\/post"}],"author":[{"embeddable":true,"href":"https:\/\/www.mzone.cz\/en\/wp-json\/wp\/v2\/users\/4"}],"replies":[{"embeddable":true,"href":"https:\/\/www.mzone.cz\/en\/wp-json\/wp\/v2\/comments?post=9681"}],"version-history":[{"count":14,"href":"https:\/\/www.mzone.cz\/en\/wp-json\/wp\/v2\/posts\/9681\/revisions"}],"predecessor-version":[{"id":9839,"href":"https:\/\/www.mzone.cz\/en\/wp-json\/wp\/v2\/posts\/9681\/revisions\/9839"}],"wp:featuredmedia":[{"embeddable":true,"href":"https:\/\/www.mzone.cz\/en\/wp-json\/wp\/v2\/media\/9682"}],"wp:attachment":[{"href":"https:\/\/www.mzone.cz\/en\/wp-json\/wp\/v2\/media?parent=9681"}],"wp:term":[{"taxonomy":"category","embeddable":true,"href":"https:\/\/www.mzone.cz\/en\/wp-json\/wp\/v2\/categories?post=9681"},{"taxonomy":"post_tag","embeddable":true,"href":"https:\/\/www.mzone.cz\/en\/wp-json\/wp\/v2\/tags?post=9681"}],"curies":[{"name":"wp","href":"https:\/\/api.w.org\/{rel}","templated":true}]}}